{"id":1039,"date":"2022-02-22T08:46:00","date_gmt":"2022-02-22T08:46:00","guid":{"rendered":"https:\/\/www.fairtrade.es\/digitalizacion-para-la-equidad\/"},"modified":"2023-12-27T15:25:16","modified_gmt":"2023-12-27T13:25:16","slug":"digitalizacion-para-la-equidad","status":"publish","type":"post","link":"https:\/\/www.fairtrade.es\/pt\/digitalizacao-por-patrimonio\/","title":{"rendered":"Digitaliza\u00e7\u00e3o para patrim\u00f4nio"},"content":{"rendered":"<p>Contamos como a Fairtrade aproveita as ferramentas digitais para construir um futuro mais justo para todos<br \/>\nPelo Dr. Arisbe Mendoza Escalante, Diretor de Impacto Global do Fairtrade.<\/p>\n<p><img decoding=\"async\" style=\"width: 450px; height: 289px;\" src=\"http:\/\/www.fairtrade.es\/wp-content\/uploads\/2022\/03\/Karen-Roses-Ravine-Roses-Kenya-2020-3.jpg\" alt=\"\" \/><\/p>\n<div>\n<p>Ler mais... <a href=\"https:\/\/www.fairtrade.es\/pt\/news\/es_es\/2022\/02\/22\/0002\/digitalizacao-por-patrimonio\/\">Digitaliza\u00e7\u00e3o para patrim\u00f4nio<\/a><\/p>\n<\/div>\n<div>\n<p>O futuro \u00e9 digital. Nas tr\u00eas d\u00e9cadas desde a populariza\u00e7\u00e3o da Internet, esse mantra, muitas vezes repetido das salas de reuni\u00f5es do Vale do Sil\u00edcio aos minist\u00e9rios do governo, assumiu o fardo da inevitabilidade em vez da profecia. Ele galvanizou a todos, de investidores e pol\u00edticos a viciados em tecnologia e consumidores comuns, com sua promessa de facilidade, efici\u00eancia e racionaliza\u00e7\u00e3o sist\u00eamica. A digitaliza\u00e7\u00e3o \u00e9 o futuro da humanidade, e o futuro parece realmente digital.<\/p>\n<p>Mas na Fairtrade tamb\u00e9m sabemos que o futuro \u00e9 justo. De fato, estamos comprometidos com a equidade e a justi\u00e7a social porque operamos com a profunda convic\u00e7\u00e3o de que o futuro de meios de subsist\u00eancia florescentes e cadeias de suprimentos equitativas, de incorporar o empoderamento das mulheres e eliminar as divis\u00f5es norte-sul, est\u00e1 enraizado na busca global por igualdade, sustentabilidade e justi\u00e7a para todos.<\/p>\n<p>\u00c9 por isso que na Fairtrade estamos intensificando nossos esfor\u00e7os para digitalizar o patrim\u00f4nio: <strong>rastreabilidade, transpar\u00eancia e com\u00e9rcio.<\/strong> Dessa forma, podemos garantir que, \u00e0 medida que conselhos e governos se tornem digitais, agricultores, trabalhadores rurais e consumidores n\u00e3o sejam deixados para tr\u00e1s. Mas o que queremos dizer com digitalizar o patrim\u00f4nio? E como podemos garantir que nosso futuro digital seja realmente justo?<\/p>\n<p>Para come\u00e7ar, podemos come\u00e7ar construindo um compromisso firme com o acesso justo e equitativo aos dados. Desde 2019, a Fairtrade, juntamente com nossos parceiros Farmforce e Think!Data, vem trabalhando em uma solu\u00e7\u00e3o digital vantajosa para os produtores de cacau na Costa do Marfim para garantir que suas cooperativas possam possuir seus dados e aproveit\u00e1-los de forma ben\u00e9fica para responder ao mercado mudan\u00e7as e aumentar o acesso ao mercado.<\/p>\n<p>Quando os sistemas estiverem em vigor, as cooperativas poder\u00e3o mapear as fazendas de seus membros e rastrear o que compram de cada fazenda, dando aos produtores de cacau maior supervis\u00e3o de seus pr\u00f3prios neg\u00f3cios e a capacidade de garantir aos compradores como e onde seu cacau \u00e9 cultivado. Em nosso futuro digital, informa\u00e7\u00e3o \u00e9 poder. E dados justos colocam os agricultores e cooperativas no centro, para que tenham um sistema que atenda \u00e0s suas pr\u00f3prias necessidades e ganhe a capacidade de controlar e se beneficiar dessas informa\u00e7\u00f5es. No final das contas, \u00e9 exatamente isso que queremos dizer com dados justos: dados acess\u00edveis, transparentes e que t\u00eam o poder de elevar todos os que os utilizam.<\/p>\n<p>Mas dados justos n\u00e3o significam nada se n\u00e3o puderem ser aproveitados em primeiro lugar. Portanto, Fairtrade tamb\u00e9m lidera o acesso justo ao mercado. A Fairtrade acredita que os produtores devem ter acesso justo aos principais mercados porque somente atrav\u00e9s do com\u00e9rcio podemos criar o valor para os agricultores que leva a meios de subsist\u00eancia florescentes. Ao mesmo tempo, tamb\u00e9m acreditamos que os consumidores devem ter garantias. Reconhecemos o potencial das tecnologias digitais para conectar os pequenos agricultores diretamente aos consumidores, assim como entendemos a necessidade do consumidor de rastreabilidade e transpar\u00eancia sobre como suas pr\u00e1ticas de compra afetam os agricultores, o meio ambiente e a justi\u00e7a social.<\/p>\n<p>Transpar\u00eancia e rastreabilidade s\u00e3o mais do que apenas ferramentas que possibilitam a sustentabilidade. O Fairtrade se baseia neles para impor responsabilidade, valor compartilhado e risco em toda a cadeia de suprimentos e construir maior confian\u00e7a com agricultores, varejistas e consumidores. Como resultado, por meio de nossa estrat\u00e9gia planejada da FairMarket, a Fairtrade est\u00e1 trabalhando para ajudar os pequenos produtores a digitalizar suas opera\u00e7\u00f5es, garantir rastreabilidade e transpar\u00eancia e contribuir para uma cadeia de suprimentos mais eficiente e transparente com menos intermedi\u00e1rios.<\/p>\n<p>Ao implementar um sistema digitalizado que pode fornecer proje\u00e7\u00f5es em tempo real do que est\u00e1 sendo produzido e de quem tem estoque n\u00e3o vendido, a Fairtrade pode digitalizar para a efici\u00eancia do mercado. Al\u00e9m disso, podemos abordar a assimetria de poder existente na distribui\u00e7\u00e3o de informa\u00e7\u00f5es, garantindo que os agricultores e suas cooperativas obtenham informa\u00e7\u00f5es cr\u00edticas de seus parceiros comerciais que possam afetar seus neg\u00f3cios. Esta \u00e9 a equidade de mercado em a\u00e7\u00e3o.<\/p>\n<p>Por fim, a digitaliza\u00e7\u00e3o para o patrim\u00f4nio \u00e9 um impulso constante para a inova\u00e7\u00e3o de produtos. J\u00e1 sabemos que o futuro \u00e9 justo, mas tamb\u00e9m sabemos que para isso devemos continuar inovando, evoluindo as tecnologias que criam acesso ao mercado para agricultores e cooperativas, enquanto constru\u00edmos uma cadeia de suprimentos cada vez mais transparente. Na Fairtrade, onde nossa rede global abrange 1,9 milh\u00e3o de agricultores em 1.880 organiza\u00e7\u00f5es de produtores em mais de 70 pa\u00edses, isso significa alavancar plataformas digitais para garantir que nosso mundo digital seja realmente um mundo plano, onde a informa\u00e7\u00e3o seja acess\u00edvel e flua perfeitamente.<\/p>\n<p>Entre nas visitas virtuais \u00e0s fazendas de flores da Fairtrade. Lan\u00e7ado em 2021, o Fairtrade Virtual Flower Farm Tours fornece informa\u00e7\u00f5es valiosas sobre as opera\u00e7\u00f5es de fazendas de flores certificadas Fairtrade e m\u00e9tricas importantes sobre suas conquistas de sustentabilidade, desde gerenciamento de res\u00edduos e uso de \u00e1gua e energia at\u00e9 iniciativas de igualdade de g\u00eanero.<\/p>\n<p>Por meio de uma nova plataforma digital inovadora, onde a transpar\u00eancia e os dados se unem, a Fairtrade pode oferecer aos varejistas, comerciantes, consumidores e produtores uma oportunidade atraente de alavancar ferramentas digitais para compartilhar informa\u00e7\u00f5es. E \u00e0 medida que avan\u00e7amos para 2022 e al\u00e9m, nosso objetivo \u00e9 expandir nossos tours virtuais de fazendas e desenvolver os recursos digitais que podemos oferecer a todos os membros do ecossistema Fairtrade para tornar realidade o com\u00e9rcio, a transpar\u00eancia e a rastreabilidade. mais do que as aspira\u00e7\u00f5es de uma sociedade mais justa amanh\u00e3: tornam-se os pilares do nosso justo futuro.<\/p>\n<p>\u00c9 isso que queremos dizer com a digitaliza\u00e7\u00e3o da justi\u00e7a. Porque \u00e0 medida que o mundo se torna cada vez mais digital, n\u00e3o podemos deixar a equidade para tr\u00e1s.<\/p>\n<p>Publicado originalmente no site da <a href=\"https:\/\/www.fairtrade.net\/news\/digitalizing-for-fairness\" target=\"_blank\" rel=\"noopener\">Fairtrade Internacional<\/a>l em fevereiro de 2022.<\/p>\n<\/div>","protected":false},"excerpt":{"rendered":"<p>Contamos como o Fairtrade aproveita as ferramentas digitais para construir um futuro mais justo para todos Por Dr. Arisbe Mendoza Escalante, Diretor de Impacto Global do Fairtrade. Leia mais... Digitaliza\u00e7\u00e3o para equidade O futuro \u00e9 digital. Nas tr\u00eas d\u00e9cadas desde a populariza\u00e7\u00e3o da Internet, esse mantra, muitas vezes repetido desde [\u2026]<\/p>","protected":false},"author":1,"featured_media":1040,"comment_status":"open","ping_status":"open","sticky":false,"template":"","format":"standard","meta":{"_acf_changed":false,"_ef_editorial_meta_date_first-draft-date":"","_ef_editorial_meta_paragraph_assignment":"","_ef_editorial_meta_checkbox_needs-photo":"","_ef_editorial_meta_number_word-count":"","footnotes":""},"categories":[148,161,1],"tags":[],"class_list":["post-1039","post","type-post","status-publish","format-standard","has-post-thumbnail","hentry","category-comercio-justo","category-productos","category-uncategorized"],"acf":[],"yoast_head":"<!-- This site is optimized with the Yoast SEO plugin v27.5 - https:\/\/yoast.com\/product\/yoast-seo-wordpress\/ -->\n<title>Digitalizaci\u00f3n para la equidad | Fairtrade<\/title>\n<meta name=\"description\" content=\"Digitalizaci\u00f3n para la equidad\" \/>\n<meta name=\"robots\" content=\"index, follow, max-snippet:-1, max-image-preview:large, max-video-preview:-1\" \/>\n<link rel=\"canonical\" href=\"https:\/\/www.fairtrade.es\/pt\/digitalizacao-por-patrimonio\/\" \/>\n<meta property=\"og:locale\" content=\"pt_PT\" \/>\n<meta property=\"og:type\" content=\"article\" \/>\n<meta property=\"og:title\" content=\"Digitalizaci\u00f3n para la equidad | Fairtrade\" \/>\n<meta property=\"og:description\" content=\"Digitalizaci\u00f3n para la equidad\" \/>\n<meta property=\"og:url\" content=\"https:\/\/www.fairtrade.es\/pt\/digitalizacao-por-patrimonio\/\" \/>\n<meta property=\"og:site_name\" content=\"Fairtrade\" \/>\n<meta property=\"article:publisher\" content=\"https:\/\/www.facebook.com\/fairtradeiberica\" \/>\n<meta property=\"article:published_time\" content=\"2022-02-22T08:46:00+00:00\" \/>\n<meta property=\"article:modified_time\" content=\"2023-12-27T13:25:16+00:00\" \/>\n<meta property=\"og:image\" content=\"https:\/\/www.fairtrade.es\/wp-content\/uploads\/2022\/03\/Karen-Roses-Ravine-Roses-Kenya-2020-3.jpg\" \/>\n\t<meta property=\"og:image:width\" content=\"450\" \/>\n\t<meta property=\"og:image:height\" content=\"289\" \/>\n\t<meta property=\"og:image:type\" content=\"image\/jpeg\" \/>\n<meta name=\"author\" content=\"senda\" \/>\n<meta name=\"twitter:card\" content=\"summary_large_image\" \/>\n<meta name=\"twitter:creator\" content=\"@fairtradeES\" \/>\n<meta name=\"twitter:site\" content=\"@fairtradeES\" \/>\n<meta name=\"twitter:label1\" content=\"Escrito por\" \/>\n\t<meta name=\"twitter:data1\" content=\"senda\" \/>\n\t<meta name=\"twitter:label2\" content=\"Tempo estimado de leitura\" \/>\n\t<meta name=\"twitter:data2\" content=\"6 minutos\" \/>\n<script type=\"application\/ld+json\" class=\"yoast-schema-graph\">{\"@context\":\"https:\\\/\\\/schema.org\",\"@graph\":[{\"@type\":\"Article\",\"@id\":\"https:\\\/\\\/www.fairtrade.es\\\/digitalizacion-para-la-equidad\\\/#article\",\"isPartOf\":{\"@id\":\"https:\\\/\\\/www.fairtrade.es\\\/digitalizacion-para-la-equidad\\\/\"},\"author\":{\"name\":\"senda\",\"@id\":\"https:\\\/\\\/www.fairtrade.es\\\/#\\\/schema\\\/person\\\/2a8f05ec3db305005bb877b1b1fbb144\"},\"headline\":\"Digitalizaci\u00f3n para la equidad\",\"datePublished\":\"2022-02-22T08:46:00+00:00\",\"dateModified\":\"2023-12-27T13:25:16+00:00\",\"mainEntityOfPage\":{\"@id\":\"https:\\\/\\\/www.fairtrade.es\\\/digitalizacion-para-la-equidad\\\/\"},\"wordCount\":1160,\"commentCount\":0,\"publisher\":{\"@id\":\"https:\\\/\\\/www.fairtrade.es\\\/#organization\"},\"image\":{\"@id\":\"https:\\\/\\\/www.fairtrade.es\\\/digitalizacion-para-la-equidad\\\/#primaryimage\"},\"thumbnailUrl\":\"https:\\\/\\\/www.fairtrade.es\\\/wp-content\\\/uploads\\\/2022\\\/03\\\/Karen-Roses-Ravine-Roses-Kenya-2020-3.jpg\",\"articleSection\":[\"Comercio Justo\",\"Productos\",\"Uncategorized\"],\"inLanguage\":\"pt-PT\",\"potentialAction\":[{\"@type\":\"CommentAction\",\"name\":\"Comment\",\"target\":[\"https:\\\/\\\/www.fairtrade.es\\\/digitalizacion-para-la-equidad\\\/#respond\"]}]},{\"@type\":\"WebPage\",\"@id\":\"https:\\\/\\\/www.fairtrade.es\\\/digitalizacion-para-la-equidad\\\/\",\"url\":\"https:\\\/\\\/www.fairtrade.es\\\/digitalizacion-para-la-equidad\\\/\",\"name\":\"Digitalizaci\u00f3n para la equidad | Fairtrade\",\"isPartOf\":{\"@id\":\"https:\\\/\\\/www.fairtrade.es\\\/#website\"},\"primaryImageOfPage\":{\"@id\":\"https:\\\/\\\/www.fairtrade.es\\\/digitalizacion-para-la-equidad\\\/#primaryimage\"},\"image\":{\"@id\":\"https:\\\/\\\/www.fairtrade.es\\\/digitalizacion-para-la-equidad\\\/#primaryimage\"},\"thumbnailUrl\":\"https:\\\/\\\/www.fairtrade.es\\\/wp-content\\\/uploads\\\/2022\\\/03\\\/Karen-Roses-Ravine-Roses-Kenya-2020-3.jpg\",\"datePublished\":\"2022-02-22T08:46:00+00:00\",\"dateModified\":\"2023-12-27T13:25:16+00:00\",\"description\":\"Digitalizaci\u00f3n para la equidad\",\"breadcrumb\":{\"@id\":\"https:\\\/\\\/www.fairtrade.es\\\/digitalizacion-para-la-equidad\\\/#breadcrumb\"},\"inLanguage\":\"pt-PT\",\"potentialAction\":[{\"@type\":\"ReadAction\",\"target\":[\"https:\\\/\\\/www.fairtrade.es\\\/digitalizacion-para-la-equidad\\\/\"]}]},{\"@type\":\"ImageObject\",\"inLanguage\":\"pt-PT\",\"@id\":\"https:\\\/\\\/www.fairtrade.es\\\/digitalizacion-para-la-equidad\\\/#primaryimage\",\"url\":\"https:\\\/\\\/www.fairtrade.es\\\/wp-content\\\/uploads\\\/2022\\\/03\\\/Karen-Roses-Ravine-Roses-Kenya-2020-3.jpg\",\"contentUrl\":\"https:\\\/\\\/www.fairtrade.es\\\/wp-content\\\/uploads\\\/2022\\\/03\\\/Karen-Roses-Ravine-Roses-Kenya-2020-3.jpg\",\"width\":450,\"height\":289},{\"@type\":\"BreadcrumbList\",\"@id\":\"https:\\\/\\\/www.fairtrade.es\\\/digitalizacion-para-la-equidad\\\/#breadcrumb\",\"itemListElement\":[{\"@type\":\"ListItem\",\"position\":1,\"name\":\"Portada\",\"item\":\"https:\\\/\\\/www.fairtrade.es\\\/\"},{\"@type\":\"ListItem\",\"position\":2,\"name\":\"Digitalizaci\u00f3n para la equidad\"}]},{\"@type\":\"WebSite\",\"@id\":\"https:\\\/\\\/www.fairtrade.es\\\/#website\",\"url\":\"https:\\\/\\\/www.fairtrade.es\\\/\",\"name\":\"Fairtrade\",\"description\":\"Sello l\u00edder de comercio justo\",\"publisher\":{\"@id\":\"https:\\\/\\\/www.fairtrade.es\\\/#organization\"},\"potentialAction\":[{\"@type\":\"SearchAction\",\"target\":{\"@type\":\"EntryPoint\",\"urlTemplate\":\"https:\\\/\\\/www.fairtrade.es\\\/?s={search_term_string}\"},\"query-input\":{\"@type\":\"PropertyValueSpecification\",\"valueRequired\":true,\"valueName\":\"search_term_string\"}}],\"inLanguage\":\"pt-PT\"},{\"@type\":\"Organization\",\"@id\":\"https:\\\/\\\/www.fairtrade.es\\\/#organization\",\"name\":\"Fairtrade Ib\u00e9rica\",\"url\":\"https:\\\/\\\/www.fairtrade.es\\\/\",\"logo\":{\"@type\":\"ImageObject\",\"inLanguage\":\"pt-PT\",\"@id\":\"https:\\\/\\\/www.fairtrade.es\\\/#\\\/schema\\\/logo\\\/image\\\/\",\"url\":\"https:\\\/\\\/www.fairtrade.es\\\/wp-content\\\/uploads\\\/2022\\\/03\\\/Fairtrade-iberica-logo.png\",\"contentUrl\":\"https:\\\/\\\/www.fairtrade.es\\\/wp-content\\\/uploads\\\/2022\\\/03\\\/Fairtrade-iberica-logo.png\",\"width\":340,\"height\":407,\"caption\":\"Fairtrade Ib\u00e9rica\"},\"image\":{\"@id\":\"https:\\\/\\\/www.fairtrade.es\\\/#\\\/schema\\\/logo\\\/image\\\/\"},\"sameAs\":[\"https:\\\/\\\/www.facebook.com\\\/fairtradeiberica\",\"https:\\\/\\\/x.com\\\/fairtradeES\",\"https:\\\/\\\/www.instagram.com\\\/fairtradeiberica\\\/\",\"https:\\\/\\\/www.linkedin.com\\\/company\\\/fairtrade-iberica\",\"https:\\\/\\\/www.youtube.com\\\/user\\\/sellofairtrade\"]},{\"@type\":\"Person\",\"@id\":\"https:\\\/\\\/www.fairtrade.es\\\/#\\\/schema\\\/person\\\/2a8f05ec3db305005bb877b1b1fbb144\",\"name\":\"senda\",\"image\":{\"@type\":\"ImageObject\",\"inLanguage\":\"pt-PT\",\"@id\":\"https:\\\/\\\/secure.gravatar.com\\\/avatar\\\/2ad25152d66ab68f233ff1e771f5f5b61808045f5b306f63250027046f2b84c4?s=96&d=mm&r=g\",\"url\":\"https:\\\/\\\/secure.gravatar.com\\\/avatar\\\/2ad25152d66ab68f233ff1e771f5f5b61808045f5b306f63250027046f2b84c4?s=96&d=mm&r=g\",\"contentUrl\":\"https:\\\/\\\/secure.gravatar.com\\\/avatar\\\/2ad25152d66ab68f233ff1e771f5f5b61808045f5b306f63250027046f2b84c4?s=96&d=mm&r=g\",\"caption\":\"senda\"},\"sameAs\":[\"http:\\\/\\\/localhost:8888\\\/fairtade\"]}]}<\/script>\n<!-- \/ Yoast SEO plugin. -->","yoast_head_json":{"title":"Digitalizaci\u00f3n para la equidad | Fairtrade","description":"Digitalizaci\u00f3n para la equidad","robots":{"index":"index","follow":"follow","max-snippet":"max-snippet:-1","max-image-preview":"max-image-preview:large","max-video-preview":"max-video-preview:-1"},"canonical":"https:\/\/www.fairtrade.es\/pt\/digitalizacao-por-patrimonio\/","og_locale":"pt_PT","og_type":"article","og_title":"Digitalizaci\u00f3n para la equidad | Fairtrade","og_description":"Digitalizaci\u00f3n para la equidad","og_url":"https:\/\/www.fairtrade.es\/pt\/digitalizacao-por-patrimonio\/","og_site_name":"Fairtrade","article_publisher":"https:\/\/www.facebook.com\/fairtradeiberica","article_published_time":"2022-02-22T08:46:00+00:00","article_modified_time":"2023-12-27T13:25:16+00:00","og_image":[{"width":450,"height":289,"url":"https:\/\/www.fairtrade.es\/wp-content\/uploads\/2022\/03\/Karen-Roses-Ravine-Roses-Kenya-2020-3.jpg","type":"image\/jpeg"}],"author":"senda","twitter_card":"summary_large_image","twitter_creator":"@fairtradeES","twitter_site":"@fairtradeES","twitter_misc":{"Escrito por":"senda","Tempo estimado de leitura":"6 minutos"},"schema":{"@context":"https:\/\/schema.org","@graph":[{"@type":"Article","@id":"https:\/\/www.fairtrade.es\/digitalizacion-para-la-equidad\/#article","isPartOf":{"@id":"https:\/\/www.fairtrade.es\/digitalizacion-para-la-equidad\/"},"author":{"name":"senda","@id":"https:\/\/www.fairtrade.es\/#\/schema\/person\/2a8f05ec3db305005bb877b1b1fbb144"},"headline":"Digitalizaci\u00f3n para la equidad","datePublished":"2022-02-22T08:46:00+00:00","dateModified":"2023-12-27T13:25:16+00:00","mainEntityOfPage":{"@id":"https:\/\/www.fairtrade.es\/digitalizacion-para-la-equidad\/"},"wordCount":1160,"commentCount":0,"publisher":{"@id":"https:\/\/www.fairtrade.es\/#organization"},"image":{"@id":"https:\/\/www.fairtrade.es\/digitalizacion-para-la-equidad\/#primaryimage"},"thumbnailUrl":"https:\/\/www.fairtrade.es\/wp-content\/uploads\/2022\/03\/Karen-Roses-Ravine-Roses-Kenya-2020-3.jpg","articleSection":["Comercio Justo","Productos","Uncategorized"],"inLanguage":"pt-PT","potentialAction":[{"@type":"CommentAction","name":"Comment","target":["https:\/\/www.fairtrade.es\/digitalizacion-para-la-equidad\/#respond"]}]},{"@type":"WebPage","@id":"https:\/\/www.fairtrade.es\/digitalizacion-para-la-equidad\/","url":"https:\/\/www.fairtrade.es\/digitalizacion-para-la-equidad\/","name":"Digitalizaci\u00f3n para la equidad | Fairtrade","isPartOf":{"@id":"https:\/\/www.fairtrade.es\/#website"},"primaryImageOfPage":{"@id":"https:\/\/www.fairtrade.es\/digitalizacion-para-la-equidad\/#primaryimage"},"image":{"@id":"https:\/\/www.fairtrade.es\/digitalizacion-para-la-equidad\/#primaryimage"},"thumbnailUrl":"https:\/\/www.fairtrade.es\/wp-content\/uploads\/2022\/03\/Karen-Roses-Ravine-Roses-Kenya-2020-3.jpg","datePublished":"2022-02-22T08:46:00+00:00","dateModified":"2023-12-27T13:25:16+00:00","description":"Digitalizaci\u00f3n para la equidad","breadcrumb":{"@id":"https:\/\/www.fairtrade.es\/digitalizacion-para-la-equidad\/#breadcrumb"},"inLanguage":"pt-PT","potentialAction":[{"@type":"ReadAction","target":["https:\/\/www.fairtrade.es\/digitalizacion-para-la-equidad\/"]}]},{"@type":"ImageObject","inLanguage":"pt-PT","@id":"https:\/\/www.fairtrade.es\/digitalizacion-para-la-equidad\/#primaryimage","url":"https:\/\/www.fairtrade.es\/wp-content\/uploads\/2022\/03\/Karen-Roses-Ravine-Roses-Kenya-2020-3.jpg","contentUrl":"https:\/\/www.fairtrade.es\/wp-content\/uploads\/2022\/03\/Karen-Roses-Ravine-Roses-Kenya-2020-3.jpg","width":450,"height":289},{"@type":"BreadcrumbList","@id":"https:\/\/www.fairtrade.es\/digitalizacion-para-la-equidad\/#breadcrumb","itemListElement":[{"@type":"ListItem","position":1,"name":"Portada","item":"https:\/\/www.fairtrade.es\/"},{"@type":"ListItem","position":2,"name":"Digitalizaci\u00f3n para la equidad"}]},{"@type":"WebSite","@id":"https:\/\/www.fairtrade.es\/#website","url":"https:\/\/www.fairtrade.es\/","name":"Fairtrade","description":"Sello l\u00edder de comercio justo","publisher":{"@id":"https:\/\/www.fairtrade.es\/#organization"},"potentialAction":[{"@type":"SearchAction","target":{"@type":"EntryPoint","urlTemplate":"https:\/\/www.fairtrade.es\/?s={search_term_string}"},"query-input":{"@type":"PropertyValueSpecification","valueRequired":true,"valueName":"search_term_string"}}],"inLanguage":"pt-PT"},{"@type":"Organization","@id":"https:\/\/www.fairtrade.es\/#organization","name":"Fairtrade Ib\u00e9rica","url":"https:\/\/www.fairtrade.es\/","logo":{"@type":"ImageObject","inLanguage":"pt-PT","@id":"https:\/\/www.fairtrade.es\/#\/schema\/logo\/image\/","url":"https:\/\/www.fairtrade.es\/wp-content\/uploads\/2022\/03\/Fairtrade-iberica-logo.png","contentUrl":"https:\/\/www.fairtrade.es\/wp-content\/uploads\/2022\/03\/Fairtrade-iberica-logo.png","width":340,"height":407,"caption":"Fairtrade Ib\u00e9rica"},"image":{"@id":"https:\/\/www.fairtrade.es\/#\/schema\/logo\/image\/"},"sameAs":["https:\/\/www.facebook.com\/fairtradeiberica","https:\/\/x.com\/fairtradeES","https:\/\/www.instagram.com\/fairtradeiberica\/","https:\/\/www.linkedin.com\/company\/fairtrade-iberica","https:\/\/www.youtube.com\/user\/sellofairtrade"]},{"@type":"Person","@id":"https:\/\/www.fairtrade.es\/#\/schema\/person\/2a8f05ec3db305005bb877b1b1fbb144","name":"senda","image":{"@type":"ImageObject","inLanguage":"pt-PT","@id":"https:\/\/secure.gravatar.com\/avatar\/2ad25152d66ab68f233ff1e771f5f5b61808045f5b306f63250027046f2b84c4?s=96&d=mm&r=g","url":"https:\/\/secure.gravatar.com\/avatar\/2ad25152d66ab68f233ff1e771f5f5b61808045f5b306f63250027046f2b84c4?s=96&d=mm&r=g","contentUrl":"https:\/\/secure.gravatar.com\/avatar\/2ad25152d66ab68f233ff1e771f5f5b61808045f5b306f63250027046f2b84c4?s=96&d=mm&r=g","caption":"senda"},"sameAs":["http:\/\/localhost:8888\/fairtade"]}]}},"_links":{"self":[{"href":"https:\/\/www.fairtrade.es\/pt\/wp-json\/wp\/v2\/posts\/1039","targetHints":{"allow":["GET"]}}],"collection":[{"href":"https:\/\/www.fairtrade.es\/pt\/wp-json\/wp\/v2\/posts"}],"about":[{"href":"https:\/\/www.fairtrade.es\/pt\/wp-json\/wp\/v2\/types\/post"}],"author":[{"embeddable":true,"href":"https:\/\/www.fairtrade.es\/pt\/wp-json\/wp\/v2\/users\/1"}],"replies":[{"embeddable":true,"href":"https:\/\/www.fairtrade.es\/pt\/wp-json\/wp\/v2\/comments?post=1039"}],"version-history":[{"count":2,"href":"https:\/\/www.fairtrade.es\/pt\/wp-json\/wp\/v2\/posts\/1039\/revisions"}],"predecessor-version":[{"id":4870,"href":"https:\/\/www.fairtrade.es\/pt\/wp-json\/wp\/v2\/posts\/1039\/revisions\/4870"}],"wp:featuredmedia":[{"embeddable":true,"href":"https:\/\/www.fairtrade.es\/pt\/wp-json\/wp\/v2\/media\/1040"}],"wp:attachment":[{"href":"https:\/\/www.fairtrade.es\/pt\/wp-json\/wp\/v2\/media?parent=1039"}],"wp:term":[{"taxonomy":"category","embeddable":true,"href":"https:\/\/www.fairtrade.es\/pt\/wp-json\/wp\/v2\/categories?post=1039"},{"taxonomy":"post_tag","embeddable":true,"href":"https:\/\/www.fairtrade.es\/pt\/wp-json\/wp\/v2\/tags?post=1039"}],"curies":[{"name":"wp","href":"https:\/\/api.w.org\/{rel}","templated":true}]}}