{"id":1056,"date":"2022-02-02T10:31:00","date_gmt":"2022-02-02T10:31:00","guid":{"rendered":"https:\/\/www.fairtrade.es\/como-fairtrade-y-b-corp-estan-fortaleciendo-las-cadenas-de-suministro-y-demuestran-su\/"},"modified":"2023-12-27T15:37:54","modified_gmt":"2023-12-27T13:37:54","slug":"como-fairtrade-y-b-corp-estan-fortaleciendo-las-cadenas-de-suministro-y-demuestran-su","status":"publish","type":"post","link":"https:\/\/www.fairtrade.es\/pt\/como-comercio-justo-e-b-corp-estao-fortalecendo-cadeias-de-fornecimento-e-demonstrando-suas\/","title":{"rendered":"Como a Fairtrade e a B Corp est\u00e3o fortalecendo as cadeias de suprimentos e demonstrando seu compromisso com a sustentabilidade"},"content":{"rendered":"<p><strong>As empresas certificadas Fairtrade e B Corp est\u00e3o definindo o ritmo do progresso nos Objetivos de Desenvolvimento Sustent\u00e1vel<br \/>\n<img decoding=\"async\" style=\"width: 450px; height: 269px; margin-top: 10px; margin-bottom: 10px;\" src=\"http:\/\/www.fairtrade.es\/wp-content\/uploads\/2022\/03\/11395_CottonFarmersIndia_8701.jpg\" alt=\"\" \/><\/strong><\/p>\n<div>\n<p>Ler mais... <a href=\"https:\/\/www.fairtrade.es\/pt\/news\/es_ES\/2022\/02\/02\/0002\/como-fairtrade-y-b-corp-estan-fortaleciendo-las-cadenas-de-suministro-y-demuestran-su-compromiso-con-la-sostenibilidad-y-el-impacto-social\/\">Como a Fairtrade e a B Corp est\u00e3o fortalecendo as cadeias de suprimentos e demonstrando seu compromisso com a sustentabilidade e o impacto social<\/a><\/p>\n<\/div>\n<div>\n<p>Os padr\u00f5es de neg\u00f3cios ambientais e sociais do B Lab definem como as empresas podem ser uma for\u00e7a para o bem. Com base nas informa\u00e7\u00f5es das partes interessadas, pesquisas e pr\u00e1ticas recomendadas estabelecidas, esses padr\u00f5es s\u00e3o a base para os requisitos de certifica\u00e7\u00e3o da B Corp, bem como para as ferramentas de gerenciamento de impacto do B Lab.<\/p>\n<p>Os padr\u00f5es Comercio Justo Fairtrade foram concebidos para apoiar o desenvolvimento sustent\u00e1vel de organiza\u00e7\u00f5es de pequenos agricultores e de trabalhadores agr\u00edcolas em pa\u00edses de baixo e m\u00e9dio rendimento. Estas normas rigorosas incorporam uma combina\u00e7\u00e3o hol\u00edstica de crit\u00e9rios sociais, econ\u00f3micos e ambientais.<\/p>\n<p>Ao escolher as certifica\u00e7\u00f5es <strong><a href=\"https:\/\/www.fairtrade.net\/news\/how-fairtrade-and-b-corp-companies-are-strengthening-supply-chains-and-shaping-a-stakeholder-economy\" target=\"_blank\" rel=\"noopener\">B Corp e Fairtrade Internacional<\/a>ele,<\/strong> empresas demonstram seu compromisso com a sustentabilidade e o impacto social. Eles tamb\u00e9m est\u00e3o aumentando a conscientiza\u00e7\u00e3o p\u00fablica sobre a conex\u00e3o entre nossas mudan\u00e7as clim\u00e1ticas e os meios de subsist\u00eancia das pessoas e como as empresas podem agir em ambos os desafios globais.<\/p>\n<p>\u00c0 medida que os consumidores procuram cada vez mais gastar seu dinheiro em empresas que levam em considera\u00e7\u00e3o o impacto social e ambiental, as certifica\u00e7\u00f5es B Corp e Fairtrade International juntas indicam empresas que foram avaliadas por seu impacto positivo nas pessoas e no planeta. B The Change conversou com l\u00edderes de duas empresas que possuem ambas as certifica\u00e7\u00f5es para saber mais sobre sua miss\u00e3o e suas esperan\u00e7as de expandi-la no futuro.<\/p>\n<p><strong>Parceria com cotonicultores na transi\u00e7\u00e3o para a agricultura regenerativa<\/strong><\/p>\n<p>A Gallant International Inc., com sede na Calif\u00f3rnia, cria bolsas e acess\u00f3rios feitos com produtos de algod\u00e3o org\u00e2nico e com certifica\u00e7\u00e3o Fairtrade. O fundador Vik Giri diz que a empresa trabalha diretamente com agricultores certificados Fairtrade na \u00cdndia e paga pre\u00e7os premium. Ao pr\u00e9-financiar a pr\u00f3xima colheita, a Gallant tamb\u00e9m ajuda os agricultores a comprar sementes de algod\u00e3o org\u00e2nico.<\/p>\n<p>\u201c<em>Isso \u00e9 importante porque, \u00e0 medida que a demanda por algod\u00e3o org\u00e2nico aumenta em todo o mundo, aumenta tamb\u00e9m a falta de transpar\u00eancia.<\/em>a&quot;, diz Giri. \u201c<em>S\u00f3 porque uma marca usa algod\u00e3o org\u00e2nico n\u00e3o significa que os agricultores obt\u00eam um peda\u00e7o desse sucesso ou que sabemos de onde vem esse algod\u00e3o. Portanto, trabalhar em conjunto com os agricultores, entendendo suas necessidades temporada a temporada, \u00e9 essencial para n\u00f3s, e estamos felizes em pagar um pr\u00eamio ou comprar antecipadamente para dar aos agricultores alguma tranquilidade financeira.&quot;<\/em><\/p>\n<p>Como o algod\u00e3o GM se proliferou na \u00cdndia, ele diz que as sementes de algod\u00e3o org\u00e2nico s\u00e3o vitais para ajudar a comunidade agr\u00edcola a expandir sua produ\u00e7\u00e3o de algod\u00e3o org\u00e2nico. A Gallant tamb\u00e9m est\u00e1 ajudando mais de 400 agricultores a fazer a transi\u00e7\u00e3o para pr\u00e1ticas agr\u00edcolas regenerativas que protegem a sa\u00fade futura do solo.<\/p>\n<p>\u201c<em>A agricultura org\u00e2nica regenerativa tem muitos benef\u00edcios, como produzir alimentos ricos em nutrientes, melhorar a qualidade do ar e da \u00e1gua e gerar renda adicional para os agricultores por meio de cons\u00f3rcio e rota\u00e7\u00e3o de culturas.<\/em>diz Giri. \u201c<em><strong>N\u00f3s vemos isso como o futuro<\/strong><\/em>\u201d.<\/p>\n<p>A Gallant fabrica seus produtos em f\u00e1bricas certificadas Fairtrade que s\u00e3o verdadeiros parceiros em seu neg\u00f3cio.<\/p>\n<p>\u201c<em>S\u00e3o f\u00e1bricas que conhecemos pessoalmente, visitamos com frequ\u00eancia e cuidamos para apoi\u00e1-las \u00e0 medida que se desenvolvem. Por exemplo, estamos investindo em energia solar para uma das f\u00e1bricas que produz nossos produtos.<\/em>sim\u201d, diz Giri. \u201c<em>Esse esfor\u00e7o colaborativo n\u00e3o \u00e9 apenas necess\u00e1rio na ind\u00fastria da moda, mas tamb\u00e9m est\u00e1 tendo um impacto real nos trabalhadores que podem trabalhar em uma instala\u00e7\u00e3o que os respeita como seres humanos e n\u00e3o como m\u00e1quinas.<\/em>\u201d.<\/p>\n<p>Por meio de sua marca Terra Thread de mochilas, bolsas e acess\u00f3rios sustent\u00e1veis, a Gallant contribui para a campanha Feeding America para acabar com a fome nos EUA. Com um fundo equivalente de Tony Robbins, at\u00e9 agora a Gallant contribuiu com mais de um milh\u00e3o de refei\u00e7\u00f5es para pessoas necessitadas.<\/p>\n<p>\u201c<em>Como estamos neste neg\u00f3cio h\u00e1 mais de uma d\u00e9cada, particularmente atrav\u00e9s da Gallant, descobrimos que os princ\u00edpios orientadores da B Corp nos ajudaram a implementar e alcan\u00e7ar muitas quest\u00f5es sociais e ambientais urgentes que enfrentamos hoje. Por exemplo, nossos produtos s\u00e3o neutros em carbono, nossos agricultores e trabalhadores recebem sal\u00e1rios e pre\u00e7os justos por seus produtos e trabalho, e os membros de nossa equipe s\u00e3o ensinados a viver estilos de vida sustent\u00e1veis desperdi\u00e7ando menos, consumindo menos, reciclando e reutilizando<\/em>\u201d.<\/p>\n<p><strong>Agricultores de cacau ganham voz mais alta atrav\u00e9s da copropriedade<\/strong><\/p>\n<p>Em uma ind\u00fastria conhecida por baixos sal\u00e1rios e pre\u00e7os de cacau, a Divine Chocolate est\u00e1 comprometida em fazer neg\u00f3cios de forma diferente por meio de um modelo de neg\u00f3cios inovador que defende os agricultores. A Divine Chocolate cria chocolates premiados como a primeira e \u00fanica empresa de chocolate certificada Fairtrade e B Corp de propriedade de produtores de cacau.<\/p>\n<p>Atrav\u00e9s da copropriedade da Divine Chocolate, Kuapa Kokoo, fundada em 1993 por produtores de cacau em Gana, tem representa\u00e7\u00e3o 40% no conselho de administra\u00e7\u00e3o da empresa, proporcionando influ\u00eancia significativa nas decis\u00f5es estrat\u00e9gicas de neg\u00f3cios e voz e presen\u00e7a para os produtores. Tamb\u00e9m ajuda a moldar o trabalho da empresa para alcan\u00e7ar meios de subsist\u00eancia sustent\u00e1veis para que pequenos produtores de cacau e suas fam\u00edlias sejam resilientes a estresses e choques, como os impactos das mudan\u00e7as clim\u00e1ticas, flutua\u00e7\u00f5es do mercado e pandemias.<\/p>\n<p>Troy Pearley, vice-presidente executivo e gerente geral da Divine Chocolate North America, diz que os valores por tr\u00e1s das certifica\u00e7\u00f5es s\u00e3o incutidos em toda a empresa, desde seu modelo de propriedade at\u00e9 suas pr\u00e1ticas ambientais. <em>\u201cPara mim, B Corp e Fairtrade representam o &#039;n\u00f3s&#039;, n\u00e3o o &#039;eu&#039;, o que reflete a Divine Chocolate como um todo.<\/em>&quot;, Ele diz. \u201c<em>Somos uma empresa social global focada na constru\u00e7\u00e3o de um mundo sustent\u00e1vel e justo.\u201d<\/em><\/p>\n<p>A abordagem centrada no agricultor garante que a Divine Chocolate invista em projetos que apoiam fam\u00edlias e comunidades agr\u00edcolas para garantir meios de subsist\u00eancia sustent\u00e1veis. Ao trabalhar com cooperativas de agricultores, a empresa ajuda a identificar e entender as necessidades locais de investimento. Embora os projetos Comercio Justo Fairtrade Premium variem de acordo com as necessidades de cada grupo de agricultores e pa\u00eds, abordar as causas da pobreza \u00e9 um tema comum em todas as comunidades produtoras de cacau e a\u00e7\u00facar.<\/p>\n<p>Garantir pelo menos o Pre\u00e7o M\u00ednimo Fairtrade para os produtores de cacau protege-os das flutua\u00e7\u00f5es dos pre\u00e7os de mercado e permite-lhes seleccionar programas comunit\u00e1rios nos quais investir\u00e3o os seus pr\u00e9mios. A Divine Chocolate tamb\u00e9m investe anualmente em apoio e desenvolvimento liderado por produtores que abordam desafios como a alfabetiza\u00e7\u00e3o das mulheres e pr\u00e1ticas de trabalho justas.<\/p>\n<p>Al\u00e9m de ganhar pelo menos o Pre\u00e7o M\u00ednimo Fairtrade, os agricultores tamb\u00e9m ganham o Pr\u00e9mio Fairtrade pelo seu cacau. Eles decidem democraticamente como investir os seus fundos do Pr\u00e9mio, muitas vezes gastando-os em projectos comunit\u00e1rios como po\u00e7os ou cl\u00ednicas, em infra-estruturas ou melhorias empresariais, ou simplesmente em apoio monet\u00e1rio aos agricultores.<\/p>\n<p>Artigo publicado originalmente em <a href=\"https:\/\/usca.bcorporation.net\/zbtcz12z21\/how-fairtrade-international-and-b-corp-companies-are-strengthening-supply-chains-and-shaping\" target=\"_blank\" rel=\"noopener\">B Corporation.net<\/a><\/p>\n<\/div>","protected":false},"excerpt":{"rendered":"<p>As empresas certificadas Fairtrade e B Corp est\u00e3o definindo o ritmo do progresso nos Objetivos de Desenvolvimento Sustent\u00e1vel Leia mais... Como Fairtrade e B Corp est\u00e3o fortalecendo as cadeias de suprimentos e demonstrando seu compromisso com a sustentabilidade e o impacto social Os padr\u00f5es que os comerciais ambientais e sociais do B Lab definem [ \u2026]<\/p>","protected":false},"author":1,"featured_media":1057,"comment_status":"open","ping_status":"open","sticky":false,"template":"","format":"standard","meta":{"_acf_changed":false,"_ef_editorial_meta_date_first-draft-date":"","_ef_editorial_meta_paragraph_assignment":"","_ef_editorial_meta_checkbox_needs-photo":"","_ef_editorial_meta_number_word-count":"","footnotes":""},"categories":[164,162,148,152,156,166,167,161,1],"tags":[],"class_list":["post-1056","post","type-post","status-publish","format-standard","has-post-thumbnail","hentry","category-algodon","category-cacao","category-comercio-justo","category-medioambiente-y-clima","category-ods","category-precio-minimo","category-prima-fairtrade","category-productos","category-uncategorized"],"acf":[],"yoast_head":"<!-- This site is optimized with the Yoast SEO plugin v27.5 - https:\/\/yoast.com\/product\/yoast-seo-wordpress\/ -->\n<title>C\u00f3mo Fairtrade y B Corp est\u00e1n fortaleciendo las cadenas de suministro y demuestran su compromiso con la sostenibilidad | Fairtrade<\/title>\n<meta name=\"description\" content=\"C\u00f3mo Fairtrade y B Corp est\u00e1n fortaleciendo las cadenas de suministro y demuestran su compromiso con la sostenibilidad\" \/>\n<meta name=\"robots\" content=\"index, follow, max-snippet:-1, max-image-preview:large, max-video-preview:-1\" \/>\n<link rel=\"canonical\" href=\"https:\/\/www.fairtrade.es\/pt\/como-comercio-justo-e-b-corp-estao-fortalecendo-cadeias-de-fornecimento-e-demonstrando-suas\/\" \/>\n<meta property=\"og:locale\" content=\"pt_PT\" \/>\n<meta property=\"og:type\" content=\"article\" \/>\n<meta property=\"og:title\" content=\"C\u00f3mo Fairtrade y B Corp est\u00e1n fortaleciendo las cadenas de suministro y demuestran su compromiso con la sostenibilidad | Fairtrade\" \/>\n<meta property=\"og:description\" content=\"C\u00f3mo Fairtrade y B Corp est\u00e1n fortaleciendo las cadenas de suministro y demuestran su compromiso con la sostenibilidad\" \/>\n<meta property=\"og:url\" content=\"https:\/\/www.fairtrade.es\/pt\/como-comercio-justo-e-b-corp-estao-fortalecendo-cadeias-de-fornecimento-e-demonstrando-suas\/\" \/>\n<meta property=\"og:site_name\" content=\"Fairtrade\" \/>\n<meta property=\"article:publisher\" content=\"https:\/\/www.facebook.com\/fairtradeiberica\" \/>\n<meta property=\"article:published_time\" content=\"2022-02-02T10:31:00+00:00\" \/>\n<meta property=\"article:modified_time\" content=\"2023-12-27T13:37:54+00:00\" \/>\n<meta property=\"og:image\" content=\"https:\/\/www.fairtrade.es\/wp-content\/uploads\/2022\/03\/11395_CottonFarmersIndia_8701.jpg\" \/>\n\t<meta property=\"og:image:width\" content=\"450\" \/>\n\t<meta property=\"og:image:height\" content=\"269\" \/>\n\t<meta property=\"og:image:type\" content=\"image\/jpeg\" \/>\n<meta name=\"author\" content=\"senda\" \/>\n<meta name=\"twitter:card\" content=\"summary_large_image\" \/>\n<meta name=\"twitter:creator\" content=\"@fairtradeES\" \/>\n<meta name=\"twitter:site\" content=\"@fairtradeES\" \/>\n<meta name=\"twitter:label1\" content=\"Escrito por\" \/>\n\t<meta name=\"twitter:data1\" content=\"senda\" \/>\n\t<meta name=\"twitter:label2\" content=\"Tempo estimado de leitura\" \/>\n\t<meta name=\"twitter:data2\" content=\"6 minutos\" \/>\n<script type=\"application\/ld+json\" class=\"yoast-schema-graph\">{\"@context\":\"https:\\\/\\\/schema.org\",\"@graph\":[{\"@type\":\"Article\",\"@id\":\"https:\\\/\\\/www.fairtrade.es\\\/como-fairtrade-y-b-corp-estan-fortaleciendo-las-cadenas-de-suministro-y-demuestran-su\\\/#article\",\"isPartOf\":{\"@id\":\"https:\\\/\\\/www.fairtrade.es\\\/como-fairtrade-y-b-corp-estan-fortaleciendo-las-cadenas-de-suministro-y-demuestran-su\\\/\"},\"author\":{\"name\":\"senda\",\"@id\":\"https:\\\/\\\/www.fairtrade.es\\\/#\\\/schema\\\/person\\\/2a8f05ec3db305005bb877b1b1fbb144\"},\"headline\":\"C\u00f3mo Fairtrade y B Corp est\u00e1n fortaleciendo las cadenas de suministro y demuestran su compromiso con la sostenibilidad\",\"datePublished\":\"2022-02-02T10:31:00+00:00\",\"dateModified\":\"2023-12-27T13:37:54+00:00\",\"mainEntityOfPage\":{\"@id\":\"https:\\\/\\\/www.fairtrade.es\\\/como-fairtrade-y-b-corp-estan-fortaleciendo-las-cadenas-de-suministro-y-demuestran-su\\\/\"},\"wordCount\":1358,\"commentCount\":0,\"publisher\":{\"@id\":\"https:\\\/\\\/www.fairtrade.es\\\/#organization\"},\"image\":{\"@id\":\"https:\\\/\\\/www.fairtrade.es\\\/como-fairtrade-y-b-corp-estan-fortaleciendo-las-cadenas-de-suministro-y-demuestran-su\\\/#primaryimage\"},\"thumbnailUrl\":\"https:\\\/\\\/www.fairtrade.es\\\/wp-content\\\/uploads\\\/2022\\\/03\\\/11395_CottonFarmersIndia_8701.jpg\",\"articleSection\":[\"Algod\u00f3n\",\"Cacao\",\"Comercio Justo\",\"Medioambiente y Clima\",\"ODS\",\"Precio M\u00ednimo\",\"Prima Fairtrade\",\"Productos\",\"Uncategorized\"],\"inLanguage\":\"pt-PT\",\"potentialAction\":[{\"@type\":\"CommentAction\",\"name\":\"Comment\",\"target\":[\"https:\\\/\\\/www.fairtrade.es\\\/como-fairtrade-y-b-corp-estan-fortaleciendo-las-cadenas-de-suministro-y-demuestran-su\\\/#respond\"]}]},{\"@type\":\"WebPage\",\"@id\":\"https:\\\/\\\/www.fairtrade.es\\\/como-fairtrade-y-b-corp-estan-fortaleciendo-las-cadenas-de-suministro-y-demuestran-su\\\/\",\"url\":\"https:\\\/\\\/www.fairtrade.es\\\/como-fairtrade-y-b-corp-estan-fortaleciendo-las-cadenas-de-suministro-y-demuestran-su\\\/\",\"name\":\"C\u00f3mo Fairtrade y B Corp est\u00e1n fortaleciendo las cadenas de suministro y demuestran su compromiso con la sostenibilidad | Fairtrade\",\"isPartOf\":{\"@id\":\"https:\\\/\\\/www.fairtrade.es\\\/#website\"},\"primaryImageOfPage\":{\"@id\":\"https:\\\/\\\/www.fairtrade.es\\\/como-fairtrade-y-b-corp-estan-fortaleciendo-las-cadenas-de-suministro-y-demuestran-su\\\/#primaryimage\"},\"image\":{\"@id\":\"https:\\\/\\\/www.fairtrade.es\\\/como-fairtrade-y-b-corp-estan-fortaleciendo-las-cadenas-de-suministro-y-demuestran-su\\\/#primaryimage\"},\"thumbnailUrl\":\"https:\\\/\\\/www.fairtrade.es\\\/wp-content\\\/uploads\\\/2022\\\/03\\\/11395_CottonFarmersIndia_8701.jpg\",\"datePublished\":\"2022-02-02T10:31:00+00:00\",\"dateModified\":\"2023-12-27T13:37:54+00:00\",\"description\":\"C\u00f3mo Fairtrade y B Corp est\u00e1n fortaleciendo las cadenas de suministro y demuestran su compromiso con la sostenibilidad\",\"breadcrumb\":{\"@id\":\"https:\\\/\\\/www.fairtrade.es\\\/como-fairtrade-y-b-corp-estan-fortaleciendo-las-cadenas-de-suministro-y-demuestran-su\\\/#breadcrumb\"},\"inLanguage\":\"pt-PT\",\"potentialAction\":[{\"@type\":\"ReadAction\",\"target\":[\"https:\\\/\\\/www.fairtrade.es\\\/como-fairtrade-y-b-corp-estan-fortaleciendo-las-cadenas-de-suministro-y-demuestran-su\\\/\"]}]},{\"@type\":\"ImageObject\",\"inLanguage\":\"pt-PT\",\"@id\":\"https:\\\/\\\/www.fairtrade.es\\\/como-fairtrade-y-b-corp-estan-fortaleciendo-las-cadenas-de-suministro-y-demuestran-su\\\/#primaryimage\",\"url\":\"https:\\\/\\\/www.fairtrade.es\\\/wp-content\\\/uploads\\\/2022\\\/03\\\/11395_CottonFarmersIndia_8701.jpg\",\"contentUrl\":\"https:\\\/\\\/www.fairtrade.es\\\/wp-content\\\/uploads\\\/2022\\\/03\\\/11395_CottonFarmersIndia_8701.jpg\",\"width\":450,\"height\":269},{\"@type\":\"BreadcrumbList\",\"@id\":\"https:\\\/\\\/www.fairtrade.es\\\/como-fairtrade-y-b-corp-estan-fortaleciendo-las-cadenas-de-suministro-y-demuestran-su\\\/#breadcrumb\",\"itemListElement\":[{\"@type\":\"ListItem\",\"position\":1,\"name\":\"Portada\",\"item\":\"https:\\\/\\\/www.fairtrade.es\\\/\"},{\"@type\":\"ListItem\",\"position\":2,\"name\":\"C\u00f3mo Fairtrade y B Corp est\u00e1n fortaleciendo las cadenas de suministro y demuestran su compromiso con la sostenibilidad\"}]},{\"@type\":\"WebSite\",\"@id\":\"https:\\\/\\\/www.fairtrade.es\\\/#website\",\"url\":\"https:\\\/\\\/www.fairtrade.es\\\/\",\"name\":\"Fairtrade\",\"description\":\"Sello l\u00edder de comercio justo\",\"publisher\":{\"@id\":\"https:\\\/\\\/www.fairtrade.es\\\/#organization\"},\"potentialAction\":[{\"@type\":\"SearchAction\",\"target\":{\"@type\":\"EntryPoint\",\"urlTemplate\":\"https:\\\/\\\/www.fairtrade.es\\\/?s={search_term_string}\"},\"query-input\":{\"@type\":\"PropertyValueSpecification\",\"valueRequired\":true,\"valueName\":\"search_term_string\"}}],\"inLanguage\":\"pt-PT\"},{\"@type\":\"Organization\",\"@id\":\"https:\\\/\\\/www.fairtrade.es\\\/#organization\",\"name\":\"Fairtrade Ib\u00e9rica\",\"url\":\"https:\\\/\\\/www.fairtrade.es\\\/\",\"logo\":{\"@type\":\"ImageObject\",\"inLanguage\":\"pt-PT\",\"@id\":\"https:\\\/\\\/www.fairtrade.es\\\/#\\\/schema\\\/logo\\\/image\\\/\",\"url\":\"https:\\\/\\\/www.fairtrade.es\\\/wp-content\\\/uploads\\\/2022\\\/03\\\/Fairtrade-iberica-logo.png\",\"contentUrl\":\"https:\\\/\\\/www.fairtrade.es\\\/wp-content\\\/uploads\\\/2022\\\/03\\\/Fairtrade-iberica-logo.png\",\"width\":340,\"height\":407,\"caption\":\"Fairtrade Ib\u00e9rica\"},\"image\":{\"@id\":\"https:\\\/\\\/www.fairtrade.es\\\/#\\\/schema\\\/logo\\\/image\\\/\"},\"sameAs\":[\"https:\\\/\\\/www.facebook.com\\\/fairtradeiberica\",\"https:\\\/\\\/x.com\\\/fairtradeES\",\"https:\\\/\\\/www.instagram.com\\\/fairtradeiberica\\\/\",\"https:\\\/\\\/www.linkedin.com\\\/company\\\/fairtrade-iberica\",\"https:\\\/\\\/www.youtube.com\\\/user\\\/sellofairtrade\"]},{\"@type\":\"Person\",\"@id\":\"https:\\\/\\\/www.fairtrade.es\\\/#\\\/schema\\\/person\\\/2a8f05ec3db305005bb877b1b1fbb144\",\"name\":\"senda\",\"image\":{\"@type\":\"ImageObject\",\"inLanguage\":\"pt-PT\",\"@id\":\"https:\\\/\\\/secure.gravatar.com\\\/avatar\\\/2ad25152d66ab68f233ff1e771f5f5b61808045f5b306f63250027046f2b84c4?s=96&d=mm&r=g\",\"url\":\"https:\\\/\\\/secure.gravatar.com\\\/avatar\\\/2ad25152d66ab68f233ff1e771f5f5b61808045f5b306f63250027046f2b84c4?s=96&d=mm&r=g\",\"contentUrl\":\"https:\\\/\\\/secure.gravatar.com\\\/avatar\\\/2ad25152d66ab68f233ff1e771f5f5b61808045f5b306f63250027046f2b84c4?s=96&d=mm&r=g\",\"caption\":\"senda\"},\"sameAs\":[\"http:\\\/\\\/localhost:8888\\\/fairtade\"]}]}<\/script>\n<!-- \/ Yoast SEO plugin. -->","yoast_head_json":{"title":"C\u00f3mo Fairtrade y B Corp est\u00e1n fortaleciendo las cadenas de suministro y demuestran su compromiso con la sostenibilidad | Fairtrade","description":"C\u00f3mo Fairtrade y B Corp est\u00e1n fortaleciendo las cadenas de suministro y demuestran su compromiso con la sostenibilidad","robots":{"index":"index","follow":"follow","max-snippet":"max-snippet:-1","max-image-preview":"max-image-preview:large","max-video-preview":"max-video-preview:-1"},"canonical":"https:\/\/www.fairtrade.es\/pt\/como-comercio-justo-e-b-corp-estao-fortalecendo-cadeias-de-fornecimento-e-demonstrando-suas\/","og_locale":"pt_PT","og_type":"article","og_title":"C\u00f3mo Fairtrade y B Corp est\u00e1n fortaleciendo las cadenas de suministro y demuestran su compromiso con la sostenibilidad | Fairtrade","og_description":"C\u00f3mo Fairtrade y B Corp est\u00e1n fortaleciendo las cadenas de suministro y demuestran su compromiso con la sostenibilidad","og_url":"https:\/\/www.fairtrade.es\/pt\/como-comercio-justo-e-b-corp-estao-fortalecendo-cadeias-de-fornecimento-e-demonstrando-suas\/","og_site_name":"Fairtrade","article_publisher":"https:\/\/www.facebook.com\/fairtradeiberica","article_published_time":"2022-02-02T10:31:00+00:00","article_modified_time":"2023-12-27T13:37:54+00:00","og_image":[{"width":450,"height":269,"url":"https:\/\/www.fairtrade.es\/wp-content\/uploads\/2022\/03\/11395_CottonFarmersIndia_8701.jpg","type":"image\/jpeg"}],"author":"senda","twitter_card":"summary_large_image","twitter_creator":"@fairtradeES","twitter_site":"@fairtradeES","twitter_misc":{"Escrito por":"senda","Tempo estimado de leitura":"6 minutos"},"schema":{"@context":"https:\/\/schema.org","@graph":[{"@type":"Article","@id":"https:\/\/www.fairtrade.es\/como-fairtrade-y-b-corp-estan-fortaleciendo-las-cadenas-de-suministro-y-demuestran-su\/#article","isPartOf":{"@id":"https:\/\/www.fairtrade.es\/como-fairtrade-y-b-corp-estan-fortaleciendo-las-cadenas-de-suministro-y-demuestran-su\/"},"author":{"name":"senda","@id":"https:\/\/www.fairtrade.es\/#\/schema\/person\/2a8f05ec3db305005bb877b1b1fbb144"},"headline":"C\u00f3mo Fairtrade y B Corp est\u00e1n fortaleciendo las cadenas de suministro y demuestran su compromiso con la sostenibilidad","datePublished":"2022-02-02T10:31:00+00:00","dateModified":"2023-12-27T13:37:54+00:00","mainEntityOfPage":{"@id":"https:\/\/www.fairtrade.es\/como-fairtrade-y-b-corp-estan-fortaleciendo-las-cadenas-de-suministro-y-demuestran-su\/"},"wordCount":1358,"commentCount":0,"publisher":{"@id":"https:\/\/www.fairtrade.es\/#organization"},"image":{"@id":"https:\/\/www.fairtrade.es\/como-fairtrade-y-b-corp-estan-fortaleciendo-las-cadenas-de-suministro-y-demuestran-su\/#primaryimage"},"thumbnailUrl":"https:\/\/www.fairtrade.es\/wp-content\/uploads\/2022\/03\/11395_CottonFarmersIndia_8701.jpg","articleSection":["Algod\u00f3n","Cacao","Comercio Justo","Medioambiente y Clima","ODS","Precio M\u00ednimo","Prima Fairtrade","Productos","Uncategorized"],"inLanguage":"pt-PT","potentialAction":[{"@type":"CommentAction","name":"Comment","target":["https:\/\/www.fairtrade.es\/como-fairtrade-y-b-corp-estan-fortaleciendo-las-cadenas-de-suministro-y-demuestran-su\/#respond"]}]},{"@type":"WebPage","@id":"https:\/\/www.fairtrade.es\/como-fairtrade-y-b-corp-estan-fortaleciendo-las-cadenas-de-suministro-y-demuestran-su\/","url":"https:\/\/www.fairtrade.es\/como-fairtrade-y-b-corp-estan-fortaleciendo-las-cadenas-de-suministro-y-demuestran-su\/","name":"C\u00f3mo Fairtrade y B Corp est\u00e1n fortaleciendo las cadenas de suministro y demuestran su compromiso con la sostenibilidad | Fairtrade","isPartOf":{"@id":"https:\/\/www.fairtrade.es\/#website"},"primaryImageOfPage":{"@id":"https:\/\/www.fairtrade.es\/como-fairtrade-y-b-corp-estan-fortaleciendo-las-cadenas-de-suministro-y-demuestran-su\/#primaryimage"},"image":{"@id":"https:\/\/www.fairtrade.es\/como-fairtrade-y-b-corp-estan-fortaleciendo-las-cadenas-de-suministro-y-demuestran-su\/#primaryimage"},"thumbnailUrl":"https:\/\/www.fairtrade.es\/wp-content\/uploads\/2022\/03\/11395_CottonFarmersIndia_8701.jpg","datePublished":"2022-02-02T10:31:00+00:00","dateModified":"2023-12-27T13:37:54+00:00","description":"C\u00f3mo Fairtrade y B Corp est\u00e1n fortaleciendo las cadenas de suministro y demuestran su compromiso con la sostenibilidad","breadcrumb":{"@id":"https:\/\/www.fairtrade.es\/como-fairtrade-y-b-corp-estan-fortaleciendo-las-cadenas-de-suministro-y-demuestran-su\/#breadcrumb"},"inLanguage":"pt-PT","potentialAction":[{"@type":"ReadAction","target":["https:\/\/www.fairtrade.es\/como-fairtrade-y-b-corp-estan-fortaleciendo-las-cadenas-de-suministro-y-demuestran-su\/"]}]},{"@type":"ImageObject","inLanguage":"pt-PT","@id":"https:\/\/www.fairtrade.es\/como-fairtrade-y-b-corp-estan-fortaleciendo-las-cadenas-de-suministro-y-demuestran-su\/#primaryimage","url":"https:\/\/www.fairtrade.es\/wp-content\/uploads\/2022\/03\/11395_CottonFarmersIndia_8701.jpg","contentUrl":"https:\/\/www.fairtrade.es\/wp-content\/uploads\/2022\/03\/11395_CottonFarmersIndia_8701.jpg","width":450,"height":269},{"@type":"BreadcrumbList","@id":"https:\/\/www.fairtrade.es\/como-fairtrade-y-b-corp-estan-fortaleciendo-las-cadenas-de-suministro-y-demuestran-su\/#breadcrumb","itemListElement":[{"@type":"ListItem","position":1,"name":"Portada","item":"https:\/\/www.fairtrade.es\/"},{"@type":"ListItem","position":2,"name":"C\u00f3mo Fairtrade y B Corp est\u00e1n fortaleciendo las cadenas de suministro y demuestran su compromiso con la sostenibilidad"}]},{"@type":"WebSite","@id":"https:\/\/www.fairtrade.es\/#website","url":"https:\/\/www.fairtrade.es\/","name":"Fairtrade","description":"Sello l\u00edder de comercio justo","publisher":{"@id":"https:\/\/www.fairtrade.es\/#organization"},"potentialAction":[{"@type":"SearchAction","target":{"@type":"EntryPoint","urlTemplate":"https:\/\/www.fairtrade.es\/?s={search_term_string}"},"query-input":{"@type":"PropertyValueSpecification","valueRequired":true,"valueName":"search_term_string"}}],"inLanguage":"pt-PT"},{"@type":"Organization","@id":"https:\/\/www.fairtrade.es\/#organization","name":"Fairtrade Ib\u00e9rica","url":"https:\/\/www.fairtrade.es\/","logo":{"@type":"ImageObject","inLanguage":"pt-PT","@id":"https:\/\/www.fairtrade.es\/#\/schema\/logo\/image\/","url":"https:\/\/www.fairtrade.es\/wp-content\/uploads\/2022\/03\/Fairtrade-iberica-logo.png","contentUrl":"https:\/\/www.fairtrade.es\/wp-content\/uploads\/2022\/03\/Fairtrade-iberica-logo.png","width":340,"height":407,"caption":"Fairtrade Ib\u00e9rica"},"image":{"@id":"https:\/\/www.fairtrade.es\/#\/schema\/logo\/image\/"},"sameAs":["https:\/\/www.facebook.com\/fairtradeiberica","https:\/\/x.com\/fairtradeES","https:\/\/www.instagram.com\/fairtradeiberica\/","https:\/\/www.linkedin.com\/company\/fairtrade-iberica","https:\/\/www.youtube.com\/user\/sellofairtrade"]},{"@type":"Person","@id":"https:\/\/www.fairtrade.es\/#\/schema\/person\/2a8f05ec3db305005bb877b1b1fbb144","name":"senda","image":{"@type":"ImageObject","inLanguage":"pt-PT","@id":"https:\/\/secure.gravatar.com\/avatar\/2ad25152d66ab68f233ff1e771f5f5b61808045f5b306f63250027046f2b84c4?s=96&d=mm&r=g","url":"https:\/\/secure.gravatar.com\/avatar\/2ad25152d66ab68f233ff1e771f5f5b61808045f5b306f63250027046f2b84c4?s=96&d=mm&r=g","contentUrl":"https:\/\/secure.gravatar.com\/avatar\/2ad25152d66ab68f233ff1e771f5f5b61808045f5b306f63250027046f2b84c4?s=96&d=mm&r=g","caption":"senda"},"sameAs":["http:\/\/localhost:8888\/fairtade"]}]}},"_links":{"self":[{"href":"https:\/\/www.fairtrade.es\/pt\/wp-json\/wp\/v2\/posts\/1056","targetHints":{"allow":["GET"]}}],"collection":[{"href":"https:\/\/www.fairtrade.es\/pt\/wp-json\/wp\/v2\/posts"}],"about":[{"href":"https:\/\/www.fairtrade.es\/pt\/wp-json\/wp\/v2\/types\/post"}],"author":[{"embeddable":true,"href":"https:\/\/www.fairtrade.es\/pt\/wp-json\/wp\/v2\/users\/1"}],"replies":[{"embeddable":true,"href":"https:\/\/www.fairtrade.es\/pt\/wp-json\/wp\/v2\/comments?post=1056"}],"version-history":[{"count":3,"href":"https:\/\/www.fairtrade.es\/pt\/wp-json\/wp\/v2\/posts\/1056\/revisions"}],"predecessor-version":[{"id":4876,"href":"https:\/\/www.fairtrade.es\/pt\/wp-json\/wp\/v2\/posts\/1056\/revisions\/4876"}],"wp:featuredmedia":[{"embeddable":true,"href":"https:\/\/www.fairtrade.es\/pt\/wp-json\/wp\/v2\/media\/1057"}],"wp:attachment":[{"href":"https:\/\/www.fairtrade.es\/pt\/wp-json\/wp\/v2\/media?parent=1056"}],"wp:term":[{"taxonomy":"category","embeddable":true,"href":"https:\/\/www.fairtrade.es\/pt\/wp-json\/wp\/v2\/categories?post=1056"},{"taxonomy":"post_tag","embeddable":true,"href":"https:\/\/www.fairtrade.es\/pt\/wp-json\/wp\/v2\/tags?post=1056"}],"curies":[{"name":"wp","href":"https:\/\/api.w.org\/{rel}","templated":true}]}}