{"id":2435,"date":"2022-04-20T14:13:39","date_gmt":"2022-04-20T14:13:39","guid":{"rendered":"https:\/\/www.fairtrade.es\/?p=2435"},"modified":"2022-05-05T15:37:49","modified_gmt":"2022-05-05T15:37:49","slug":"te-verde-con-jengibre-y-limon","status":"publish","type":"post","link":"https:\/\/www.fairtrade.es\/pt\/cha-verde-com-gengibre-e-limao\/","title":{"rendered":"Ch\u00e1 verde com gengibre e lim\u00e3o"},"content":{"rendered":"<p class=\"p1\"><span class=\"s1\">Chegamos a junho, a metade do ano com a desejada chegada da temporada de ver\u00e3o. Na Fairtrade gostamos muito de partilhar e divulgar os benef\u00edcios e valor do selo Fairtrade, por isso apresentamos-lhe uma receita simples mas muito refrescante e deliciosa para vencer o calor e mergulhar no ch\u00e1 certificado com o selo Fairtrade.<\/span><\/p>\n<p><img loading=\"lazy\" decoding=\"async\" class=\"alignnone size-medium wp-image-2437\" src=\"http:\/\/www.fairtrade.es\/wp-content\/uploads\/2022\/04\/RECETA-TE-VERDE-JUNIO-300x225.jpg\" alt=\"\" width=\"300\" height=\"225\" srcset=\"https:\/\/www.fairtrade.es\/wp-content\/uploads\/2022\/04\/RECETA-TE-VERDE-JUNIO-300x225.jpg 300w, https:\/\/www.fairtrade.es\/wp-content\/uploads\/2022\/04\/RECETA-TE-VERDE-JUNIO.jpg 700w\" sizes=\"auto, (max-width: 300px) 100vw, 300px\" \/><\/p>\n<p>\u00a0<\/p>\n<div><u>Ingredientes da receita:<\/u>\n<ul>\n<li>1 colher de ch\u00e1 de ch\u00e1 verde ou um saquinho de ch\u00e1*<\/li>\n<li>1 fatia de lim\u00e3o<\/li>\n<li>1 por\u00e7\u00e3o de gengibre<\/li>\n<li>1 colher de sopa de xarope de agave*<\/li>\n<li>1 x\u00edcara de \u00e1gua quente<\/li>\n<\/ul>\n<p>*Ingredientes Fairtrade<\/p>\n<p>\u00a0<\/p>\n<p><u>Prepara\u00e7\u00e3o da receita:<\/u><\/p>\n<ol>\n<li>Despeje a \u00e1gua quente sobre o ch\u00e1 verde, lim\u00e3o e gengibre.<\/li>\n<li>Infundir por alguns minutos e coar.<\/li>\n<li>Adicione o xarope de agave a gosto e sirva.<\/li>\n<li>Coloque alguns cubos de gelo para torn\u00e1-lo extremamente refrescante.<\/li>\n<\/ol>\n<\/div>\n\n\n<p><\/p>\n\n\n\n<p><br><\/p>\n\n\n\n<p>Twist Fairtrade: E se voc\u00ea combinar este delicioso ch\u00e1 verde com uma on\u00e7a de chocolate de Comercio Justo? S\u00e3o in\u00fameras as marcas e chocolates certificados com o selo Fairtrade que temos a certeza que v\u00e3o deixar o seu ver\u00e3o ainda mais doce. Descubra-os!<br>\u00a0<\/p>\n\n\n\n<p><strong><em><strong><em><strong><em><strong><strong><em><strong><em>O ch\u00e1 verde reduz o estresse e ajuda a estimular o sistema imunol\u00f3gico, e se for certificado Comercio Justo voc\u00ea tamb\u00e9m contribui para o bem-estar das pessoas e do planeta!<\/em><\/strong><\/em><\/strong><\/strong><\/em><\/strong><\/em><\/strong><\/em><\/strong><\/p>","protected":false},"excerpt":{"rendered":"<p>Chegamos a junho, a metade do ano com a desejada chegada da temporada de ver\u00e3o. Na Fairtrade gostamos muito de compartilhar e divulgar os benef\u00edcios e o valor do selo Fairtrade, por isso apresentamos uma receita simples, mas muito refrescante e deliciosa para vencer o calor e mergulhar no ch\u00e1 certificado [\u2026]<\/p>","protected":false},"author":1,"featured_media":2436,"comment_status":"open","ping_status":"open","sticky":false,"template":"","format":"standard","meta":{"_acf_changed":false,"_ef_editorial_meta_date_first-draft-date":"","_ef_editorial_meta_paragraph_assignment":"","_ef_editorial_meta_checkbox_needs-photo":"","_ef_editorial_meta_number_word-count":"","footnotes":""},"categories":[98],"tags":[],"class_list":["post-2435","post","type-post","status-publish","format-standard","has-post-thumbnail","hentry","category-recetas"],"acf":[],"yoast_head":"<!-- This site is optimized with the Yoast SEO plugin v27.4 - https:\/\/yoast.com\/product\/yoast-seo-wordpress\/ -->\n<title>T\u00e9 verde con Jengibre y lim\u00f3n | Fairtrade<\/title>\n<meta name=\"description\" content=\"T\u00e9 verde con Jengibre y lim\u00f3n\" \/>\n<meta name=\"robots\" content=\"index, follow, max-snippet:-1, max-image-preview:large, max-video-preview:-1\" \/>\n<link rel=\"canonical\" href=\"https:\/\/www.fairtrade.es\/pt\/cha-verde-com-gengibre-e-limao\/\" \/>\n<meta property=\"og:locale\" content=\"pt_PT\" \/>\n<meta property=\"og:type\" content=\"article\" \/>\n<meta property=\"og:title\" content=\"T\u00e9 verde con Jengibre y lim\u00f3n | Fairtrade\" \/>\n<meta property=\"og:description\" content=\"T\u00e9 verde con Jengibre y lim\u00f3n\" \/>\n<meta property=\"og:url\" content=\"https:\/\/www.fairtrade.es\/pt\/cha-verde-com-gengibre-e-limao\/\" \/>\n<meta property=\"og:site_name\" content=\"Fairtrade\" \/>\n<meta property=\"article:publisher\" content=\"https:\/\/www.facebook.com\/fairtradeiberica\" \/>\n<meta property=\"article:published_time\" content=\"2022-04-20T14:13:39+00:00\" \/>\n<meta property=\"article:modified_time\" content=\"2022-05-05T15:37:49+00:00\" \/>\n<meta property=\"og:image\" content=\"https:\/\/www.fairtrade.es\/wp-content\/uploads\/2022\/04\/RECETA-JUNIO-TE.jpg\" \/>\n\t<meta property=\"og:image:width\" content=\"1260\" \/>\n\t<meta property=\"og:image:height\" content=\"934\" \/>\n\t<meta property=\"og:image:type\" content=\"image\/jpeg\" \/>\n<meta name=\"author\" content=\"senda\" \/>\n<meta name=\"twitter:card\" content=\"summary_large_image\" \/>\n<meta name=\"twitter:creator\" content=\"@fairtradeES\" \/>\n<meta name=\"twitter:site\" content=\"@fairtradeES\" \/>\n<meta name=\"twitter:label1\" content=\"Escrito por\" \/>\n\t<meta name=\"twitter:data1\" content=\"senda\" \/>\n\t<meta name=\"twitter:label2\" content=\"Tempo estimado de leitura\" \/>\n\t<meta name=\"twitter:data2\" content=\"1 minuto\" \/>\n<script type=\"application\/ld+json\" class=\"yoast-schema-graph\">{\"@context\":\"https:\\\/\\\/schema.org\",\"@graph\":[{\"@type\":\"Article\",\"@id\":\"https:\\\/\\\/www.fairtrade.es\\\/te-verde-con-jengibre-y-limon\\\/#article\",\"isPartOf\":{\"@id\":\"https:\\\/\\\/www.fairtrade.es\\\/te-verde-con-jengibre-y-limon\\\/\"},\"author\":{\"name\":\"senda\",\"@id\":\"https:\\\/\\\/www.fairtrade.es\\\/#\\\/schema\\\/person\\\/2a8f05ec3db305005bb877b1b1fbb144\"},\"headline\":\"T\u00e9 verde con Jengibre y lim\u00f3n\",\"datePublished\":\"2022-04-20T14:13:39+00:00\",\"dateModified\":\"2022-05-05T15:37:49+00:00\",\"mainEntityOfPage\":{\"@id\":\"https:\\\/\\\/www.fairtrade.es\\\/te-verde-con-jengibre-y-limon\\\/\"},\"wordCount\":219,\"commentCount\":0,\"publisher\":{\"@id\":\"https:\\\/\\\/www.fairtrade.es\\\/#organization\"},\"image\":{\"@id\":\"https:\\\/\\\/www.fairtrade.es\\\/te-verde-con-jengibre-y-limon\\\/#primaryimage\"},\"thumbnailUrl\":\"https:\\\/\\\/www.fairtrade.es\\\/wp-content\\\/uploads\\\/2022\\\/04\\\/RECETA-JUNIO-TE.jpg\",\"articleSection\":[\"Recetas\"],\"inLanguage\":\"pt-PT\",\"potentialAction\":[{\"@type\":\"CommentAction\",\"name\":\"Comment\",\"target\":[\"https:\\\/\\\/www.fairtrade.es\\\/te-verde-con-jengibre-y-limon\\\/#respond\"]}]},{\"@type\":\"WebPage\",\"@id\":\"https:\\\/\\\/www.fairtrade.es\\\/te-verde-con-jengibre-y-limon\\\/\",\"url\":\"https:\\\/\\\/www.fairtrade.es\\\/te-verde-con-jengibre-y-limon\\\/\",\"name\":\"T\u00e9 verde con Jengibre y lim\u00f3n | Fairtrade\",\"isPartOf\":{\"@id\":\"https:\\\/\\\/www.fairtrade.es\\\/#website\"},\"primaryImageOfPage\":{\"@id\":\"https:\\\/\\\/www.fairtrade.es\\\/te-verde-con-jengibre-y-limon\\\/#primaryimage\"},\"image\":{\"@id\":\"https:\\\/\\\/www.fairtrade.es\\\/te-verde-con-jengibre-y-limon\\\/#primaryimage\"},\"thumbnailUrl\":\"https:\\\/\\\/www.fairtrade.es\\\/wp-content\\\/uploads\\\/2022\\\/04\\\/RECETA-JUNIO-TE.jpg\",\"datePublished\":\"2022-04-20T14:13:39+00:00\",\"dateModified\":\"2022-05-05T15:37:49+00:00\",\"description\":\"T\u00e9 verde con Jengibre y lim\u00f3n\",\"breadcrumb\":{\"@id\":\"https:\\\/\\\/www.fairtrade.es\\\/te-verde-con-jengibre-y-limon\\\/#breadcrumb\"},\"inLanguage\":\"pt-PT\",\"potentialAction\":[{\"@type\":\"ReadAction\",\"target\":[\"https:\\\/\\\/www.fairtrade.es\\\/te-verde-con-jengibre-y-limon\\\/\"]}]},{\"@type\":\"ImageObject\",\"inLanguage\":\"pt-PT\",\"@id\":\"https:\\\/\\\/www.fairtrade.es\\\/te-verde-con-jengibre-y-limon\\\/#primaryimage\",\"url\":\"https:\\\/\\\/www.fairtrade.es\\\/wp-content\\\/uploads\\\/2022\\\/04\\\/RECETA-JUNIO-TE.jpg\",\"contentUrl\":\"https:\\\/\\\/www.fairtrade.es\\\/wp-content\\\/uploads\\\/2022\\\/04\\\/RECETA-JUNIO-TE.jpg\",\"width\":1260,\"height\":934},{\"@type\":\"BreadcrumbList\",\"@id\":\"https:\\\/\\\/www.fairtrade.es\\\/te-verde-con-jengibre-y-limon\\\/#breadcrumb\",\"itemListElement\":[{\"@type\":\"ListItem\",\"position\":1,\"name\":\"Portada\",\"item\":\"https:\\\/\\\/www.fairtrade.es\\\/\"},{\"@type\":\"ListItem\",\"position\":2,\"name\":\"T\u00e9 verde con Jengibre y lim\u00f3n\"}]},{\"@type\":\"WebSite\",\"@id\":\"https:\\\/\\\/www.fairtrade.es\\\/#website\",\"url\":\"https:\\\/\\\/www.fairtrade.es\\\/\",\"name\":\"Fairtrade\",\"description\":\"Sello l\u00edder de comercio justo\",\"publisher\":{\"@id\":\"https:\\\/\\\/www.fairtrade.es\\\/#organization\"},\"potentialAction\":[{\"@type\":\"SearchAction\",\"target\":{\"@type\":\"EntryPoint\",\"urlTemplate\":\"https:\\\/\\\/www.fairtrade.es\\\/?s={search_term_string}\"},\"query-input\":{\"@type\":\"PropertyValueSpecification\",\"valueRequired\":true,\"valueName\":\"search_term_string\"}}],\"inLanguage\":\"pt-PT\"},{\"@type\":\"Organization\",\"@id\":\"https:\\\/\\\/www.fairtrade.es\\\/#organization\",\"name\":\"Fairtrade Ib\u00e9rica\",\"url\":\"https:\\\/\\\/www.fairtrade.es\\\/\",\"logo\":{\"@type\":\"ImageObject\",\"inLanguage\":\"pt-PT\",\"@id\":\"https:\\\/\\\/www.fairtrade.es\\\/#\\\/schema\\\/logo\\\/image\\\/\",\"url\":\"https:\\\/\\\/www.fairtrade.es\\\/wp-content\\\/uploads\\\/2022\\\/03\\\/Fairtrade-iberica-logo.png\",\"contentUrl\":\"https:\\\/\\\/www.fairtrade.es\\\/wp-content\\\/uploads\\\/2022\\\/03\\\/Fairtrade-iberica-logo.png\",\"width\":340,\"height\":407,\"caption\":\"Fairtrade Ib\u00e9rica\"},\"image\":{\"@id\":\"https:\\\/\\\/www.fairtrade.es\\\/#\\\/schema\\\/logo\\\/image\\\/\"},\"sameAs\":[\"https:\\\/\\\/www.facebook.com\\\/fairtradeiberica\",\"https:\\\/\\\/x.com\\\/fairtradeES\",\"https:\\\/\\\/www.instagram.com\\\/fairtradeiberica\\\/\",\"https:\\\/\\\/www.linkedin.com\\\/company\\\/fairtrade-iberica\",\"https:\\\/\\\/www.youtube.com\\\/user\\\/sellofairtrade\"]},{\"@type\":\"Person\",\"@id\":\"https:\\\/\\\/www.fairtrade.es\\\/#\\\/schema\\\/person\\\/2a8f05ec3db305005bb877b1b1fbb144\",\"name\":\"senda\",\"image\":{\"@type\":\"ImageObject\",\"inLanguage\":\"pt-PT\",\"@id\":\"https:\\\/\\\/secure.gravatar.com\\\/avatar\\\/2ad25152d66ab68f233ff1e771f5f5b61808045f5b306f63250027046f2b84c4?s=96&d=mm&r=g\",\"url\":\"https:\\\/\\\/secure.gravatar.com\\\/avatar\\\/2ad25152d66ab68f233ff1e771f5f5b61808045f5b306f63250027046f2b84c4?s=96&d=mm&r=g\",\"contentUrl\":\"https:\\\/\\\/secure.gravatar.com\\\/avatar\\\/2ad25152d66ab68f233ff1e771f5f5b61808045f5b306f63250027046f2b84c4?s=96&d=mm&r=g\",\"caption\":\"senda\"},\"sameAs\":[\"http:\\\/\\\/localhost:8888\\\/fairtade\"]}]}<\/script>\n<!-- \/ Yoast SEO plugin. -->","yoast_head_json":{"title":"T\u00e9 verde con Jengibre y lim\u00f3n | Fairtrade","description":"T\u00e9 verde con Jengibre y lim\u00f3n","robots":{"index":"index","follow":"follow","max-snippet":"max-snippet:-1","max-image-preview":"max-image-preview:large","max-video-preview":"max-video-preview:-1"},"canonical":"https:\/\/www.fairtrade.es\/pt\/cha-verde-com-gengibre-e-limao\/","og_locale":"pt_PT","og_type":"article","og_title":"T\u00e9 verde con Jengibre y lim\u00f3n | Fairtrade","og_description":"T\u00e9 verde con Jengibre y lim\u00f3n","og_url":"https:\/\/www.fairtrade.es\/pt\/cha-verde-com-gengibre-e-limao\/","og_site_name":"Fairtrade","article_publisher":"https:\/\/www.facebook.com\/fairtradeiberica","article_published_time":"2022-04-20T14:13:39+00:00","article_modified_time":"2022-05-05T15:37:49+00:00","og_image":[{"width":1260,"height":934,"url":"https:\/\/www.fairtrade.es\/wp-content\/uploads\/2022\/04\/RECETA-JUNIO-TE.jpg","type":"image\/jpeg"}],"author":"senda","twitter_card":"summary_large_image","twitter_creator":"@fairtradeES","twitter_site":"@fairtradeES","twitter_misc":{"Escrito por":"senda","Tempo estimado de leitura":"1 minuto"},"schema":{"@context":"https:\/\/schema.org","@graph":[{"@type":"Article","@id":"https:\/\/www.fairtrade.es\/te-verde-con-jengibre-y-limon\/#article","isPartOf":{"@id":"https:\/\/www.fairtrade.es\/te-verde-con-jengibre-y-limon\/"},"author":{"name":"senda","@id":"https:\/\/www.fairtrade.es\/#\/schema\/person\/2a8f05ec3db305005bb877b1b1fbb144"},"headline":"T\u00e9 verde con Jengibre y lim\u00f3n","datePublished":"2022-04-20T14:13:39+00:00","dateModified":"2022-05-05T15:37:49+00:00","mainEntityOfPage":{"@id":"https:\/\/www.fairtrade.es\/te-verde-con-jengibre-y-limon\/"},"wordCount":219,"commentCount":0,"publisher":{"@id":"https:\/\/www.fairtrade.es\/#organization"},"image":{"@id":"https:\/\/www.fairtrade.es\/te-verde-con-jengibre-y-limon\/#primaryimage"},"thumbnailUrl":"https:\/\/www.fairtrade.es\/wp-content\/uploads\/2022\/04\/RECETA-JUNIO-TE.jpg","articleSection":["Recetas"],"inLanguage":"pt-PT","potentialAction":[{"@type":"CommentAction","name":"Comment","target":["https:\/\/www.fairtrade.es\/te-verde-con-jengibre-y-limon\/#respond"]}]},{"@type":"WebPage","@id":"https:\/\/www.fairtrade.es\/te-verde-con-jengibre-y-limon\/","url":"https:\/\/www.fairtrade.es\/te-verde-con-jengibre-y-limon\/","name":"T\u00e9 verde con Jengibre y lim\u00f3n | Fairtrade","isPartOf":{"@id":"https:\/\/www.fairtrade.es\/#website"},"primaryImageOfPage":{"@id":"https:\/\/www.fairtrade.es\/te-verde-con-jengibre-y-limon\/#primaryimage"},"image":{"@id":"https:\/\/www.fairtrade.es\/te-verde-con-jengibre-y-limon\/#primaryimage"},"thumbnailUrl":"https:\/\/www.fairtrade.es\/wp-content\/uploads\/2022\/04\/RECETA-JUNIO-TE.jpg","datePublished":"2022-04-20T14:13:39+00:00","dateModified":"2022-05-05T15:37:49+00:00","description":"T\u00e9 verde con Jengibre y lim\u00f3n","breadcrumb":{"@id":"https:\/\/www.fairtrade.es\/te-verde-con-jengibre-y-limon\/#breadcrumb"},"inLanguage":"pt-PT","potentialAction":[{"@type":"ReadAction","target":["https:\/\/www.fairtrade.es\/te-verde-con-jengibre-y-limon\/"]}]},{"@type":"ImageObject","inLanguage":"pt-PT","@id":"https:\/\/www.fairtrade.es\/te-verde-con-jengibre-y-limon\/#primaryimage","url":"https:\/\/www.fairtrade.es\/wp-content\/uploads\/2022\/04\/RECETA-JUNIO-TE.jpg","contentUrl":"https:\/\/www.fairtrade.es\/wp-content\/uploads\/2022\/04\/RECETA-JUNIO-TE.jpg","width":1260,"height":934},{"@type":"BreadcrumbList","@id":"https:\/\/www.fairtrade.es\/te-verde-con-jengibre-y-limon\/#breadcrumb","itemListElement":[{"@type":"ListItem","position":1,"name":"Portada","item":"https:\/\/www.fairtrade.es\/"},{"@type":"ListItem","position":2,"name":"T\u00e9 verde con Jengibre y lim\u00f3n"}]},{"@type":"WebSite","@id":"https:\/\/www.fairtrade.es\/#website","url":"https:\/\/www.fairtrade.es\/","name":"Fairtrade","description":"Sello l\u00edder de comercio justo","publisher":{"@id":"https:\/\/www.fairtrade.es\/#organization"},"potentialAction":[{"@type":"SearchAction","target":{"@type":"EntryPoint","urlTemplate":"https:\/\/www.fairtrade.es\/?s={search_term_string}"},"query-input":{"@type":"PropertyValueSpecification","valueRequired":true,"valueName":"search_term_string"}}],"inLanguage":"pt-PT"},{"@type":"Organization","@id":"https:\/\/www.fairtrade.es\/#organization","name":"Fairtrade Ib\u00e9rica","url":"https:\/\/www.fairtrade.es\/","logo":{"@type":"ImageObject","inLanguage":"pt-PT","@id":"https:\/\/www.fairtrade.es\/#\/schema\/logo\/image\/","url":"https:\/\/www.fairtrade.es\/wp-content\/uploads\/2022\/03\/Fairtrade-iberica-logo.png","contentUrl":"https:\/\/www.fairtrade.es\/wp-content\/uploads\/2022\/03\/Fairtrade-iberica-logo.png","width":340,"height":407,"caption":"Fairtrade Ib\u00e9rica"},"image":{"@id":"https:\/\/www.fairtrade.es\/#\/schema\/logo\/image\/"},"sameAs":["https:\/\/www.facebook.com\/fairtradeiberica","https:\/\/x.com\/fairtradeES","https:\/\/www.instagram.com\/fairtradeiberica\/","https:\/\/www.linkedin.com\/company\/fairtrade-iberica","https:\/\/www.youtube.com\/user\/sellofairtrade"]},{"@type":"Person","@id":"https:\/\/www.fairtrade.es\/#\/schema\/person\/2a8f05ec3db305005bb877b1b1fbb144","name":"senda","image":{"@type":"ImageObject","inLanguage":"pt-PT","@id":"https:\/\/secure.gravatar.com\/avatar\/2ad25152d66ab68f233ff1e771f5f5b61808045f5b306f63250027046f2b84c4?s=96&d=mm&r=g","url":"https:\/\/secure.gravatar.com\/avatar\/2ad25152d66ab68f233ff1e771f5f5b61808045f5b306f63250027046f2b84c4?s=96&d=mm&r=g","contentUrl":"https:\/\/secure.gravatar.com\/avatar\/2ad25152d66ab68f233ff1e771f5f5b61808045f5b306f63250027046f2b84c4?s=96&d=mm&r=g","caption":"senda"},"sameAs":["http:\/\/localhost:8888\/fairtade"]}]}},"_links":{"self":[{"href":"https:\/\/www.fairtrade.es\/pt\/wp-json\/wp\/v2\/posts\/2435","targetHints":{"allow":["GET"]}}],"collection":[{"href":"https:\/\/www.fairtrade.es\/pt\/wp-json\/wp\/v2\/posts"}],"about":[{"href":"https:\/\/www.fairtrade.es\/pt\/wp-json\/wp\/v2\/types\/post"}],"author":[{"embeddable":true,"href":"https:\/\/www.fairtrade.es\/pt\/wp-json\/wp\/v2\/users\/1"}],"replies":[{"embeddable":true,"href":"https:\/\/www.fairtrade.es\/pt\/wp-json\/wp\/v2\/comments?post=2435"}],"version-history":[{"count":1,"href":"https:\/\/www.fairtrade.es\/pt\/wp-json\/wp\/v2\/posts\/2435\/revisions"}],"predecessor-version":[{"id":2438,"href":"https:\/\/www.fairtrade.es\/pt\/wp-json\/wp\/v2\/posts\/2435\/revisions\/2438"}],"wp:featuredmedia":[{"embeddable":true,"href":"https:\/\/www.fairtrade.es\/pt\/wp-json\/wp\/v2\/media\/2436"}],"wp:attachment":[{"href":"https:\/\/www.fairtrade.es\/pt\/wp-json\/wp\/v2\/media?parent=2435"}],"wp:term":[{"taxonomy":"category","embeddable":true,"href":"https:\/\/www.fairtrade.es\/pt\/wp-json\/wp\/v2\/categories?post=2435"},{"taxonomy":"post_tag","embeddable":true,"href":"https:\/\/www.fairtrade.es\/pt\/wp-json\/wp\/v2\/tags?post=2435"}],"curies":[{"name":"wp","href":"https:\/\/api.w.org\/{rel}","templated":true}]}}