{"id":2439,"date":"2022-04-20T14:48:12","date_gmt":"2022-04-20T14:48:12","guid":{"rendered":"https:\/\/www.fairtrade.es\/?p=2439"},"modified":"2023-12-27T15:10:29","modified_gmt":"2023-12-27T13:10:29","slug":"fairtrade-la-igualdad-de-genero","status":"publish","type":"post","link":"https:\/\/www.fairtrade.es\/pt\/comercio-justo-igualdade-de-genero\/","title":{"rendered":"Fairtrade. Igualdade de g\u00eanero."},"content":{"rendered":"<p><span style=\"font-weight: 400;\">Entre 60 e 80% dos alimentos do mundo s\u00e3o cultivados por mulheres. No entanto, muitas vezes eles n\u00e3o possuem a terra e recebem poucos benef\u00edcios. <\/span><a href=\"https:\/\/files.fairtrade.net\/publications\/2016_FairtradeGenderStrategy_ES.pdf\"><b>O Fairtrade trabalha para resolver essa lacuna de g\u00eanero.<\/b><\/a><\/p>\n<div><\/div>\n<div>\n<p><span style=\"font-weight: 400;\">Muitos estudos mostram que, embora o papel das mulheres na agricultura tenha aumentado ao longo do tempo, elas t\u00eam menos acesso a recursos como terra, insumos, informa\u00e7\u00e3o, cr\u00e9dito e treinamento. Isso, por sua vez, refor\u00e7a os padr\u00f5es de desempoderamento feminino.<\/span><\/p>\n<p><b>Como o Fairtrade aborda a igualdade de g\u00eanero<\/b><\/p>\n<p><span style=\"font-weight: 400;\">O Fairtrade contribui para diminuir a diferen\u00e7a de g\u00eanero, permitindo que as mulheres reivindiquem seus direitos e tenham sucesso em seus pr\u00f3prios termos.<\/span><\/p>\n<p><b>Os padr\u00f5es Fairtrade s\u00e3o projetados para <\/b><span style=\"font-weight: 400;\">prevenir a desigualdade de g\u00eanero, aumentar a participa\u00e7\u00e3o feminina e capacitar mais mulheres e meninas para acessar os benef\u00edcios do Fairtrade.<\/span><\/p>\n<p><b>Os crit\u00e9rios exigidos nas Normas Fairtrade para organiza\u00e7\u00f5es de produtores incluem:<\/b><\/p>\n<ul>\n<li style=\"font-weight: 400;\" aria-level=\"1\"><span style=\"font-weight: 400;\">N\u00e3o discrimine com base no sexo ou estado civil<\/span><\/li>\n<li style=\"font-weight: 400;\" aria-level=\"1\"><span style=\"font-weight: 400;\">Toler\u00e2ncia zero para comportamento sexualmente intimidador, abusivo ou explorador<\/span><\/li>\n<li style=\"font-weight: 400;\" aria-level=\"1\"><span style=\"font-weight: 400;\">N\u00e3o realize testes de gravidez ao contratar trabalhadores<\/span><\/li>\n<li style=\"font-weight: 400;\" aria-level=\"1\"><span style=\"font-weight: 400;\">Programas de apoio a mulheres<\/span><\/li>\n<li style=\"font-weight: 400;\" aria-level=\"1\"><span style=\"font-weight: 400;\">Desenvolvimento de uma pol\u00edtica de g\u00eanero<\/span><\/li>\n<\/ul>\n<p><b>Tamb\u00e9m estamos trabalhando al\u00e9m dos Padr\u00f5es para aumentar o papel das mulheres <\/b><span style=\"font-weight: 400;\">nas organiza\u00e7\u00f5es de produtores Fairtrade e garantir que eles recebam os mesmos benef\u00edcios.<\/span><\/p>\n<ul>\n<li style=\"font-weight: 400;\" aria-level=\"1\"><span style=\"font-weight: 400;\">As redes de produtores est\u00e3o lan\u00e7ando <\/span><a href=\"https:\/\/www.fairtrade.net\/news\/new-leadership-school-strengthens-women-farmers\"><span style=\"font-weight: 400;\">escolas de lideran\u00e7a para mulheres<\/span><\/a><span style=\"font-weight: 400;\">, que lhes permitem aprender neg\u00f3cios, negocia\u00e7\u00e3o e habilidades financeiras. Muitas dessas mulheres passam a ocupar cargos de lideran\u00e7a e comit\u00eas em suas cooperativas e comunidades.<\/span><\/li>\n<li style=\"font-weight: 400;\" aria-level=\"1\"><span style=\"font-weight: 400;\">Muitos projetos Fairtrade Premium beneficiam diretamente as mulheres, permitindo mudan\u00e7as nas estruturas de tomada de decis\u00e3o e governan\u00e7a de organiza\u00e7\u00f5es de produtores certificados e melhorando as oportunidades econ\u00f4micas.<\/span><\/li>\n<li style=\"font-weight: 400;\" aria-level=\"1\"><span style=\"font-weight: 400;\">Muitas organiza\u00e7\u00f5es de produtores est\u00e3o realizando an\u00e1lises de g\u00eanero em suas organiza\u00e7\u00f5es e testando novos programas, comit\u00eas e pol\u00edticas de g\u00eanero de igualdade de g\u00eanero.<\/span><\/li>\n<li style=\"font-weight: 400;\" aria-level=\"1\"><span style=\"font-weight: 400;\">Por meio do trabalho de advocacia e da colabora\u00e7\u00e3o com sindicatos e ONGs, estamos promovendo a igualdade de g\u00eanero e <\/span><a href=\"https:\/\/www.fairtrade.net\/news\/pushing-for-more-gender-equity-in-the-banana-sector\"><span style=\"font-weight: 400;\">interven\u00e7\u00f5es para melhorar o bem-estar e o empoderamento das mulheres.<\/span><\/a><\/li>\n<\/ul>\n<p><b>Caso <\/b><a href=\"https:\/\/www.fairtrade.net\/news\/womens-school-of-leadership-graduates-forge-a-new-path-for-women-cocoa-farmers\"><b>Escola de Lideran\u00e7a Feminina Fairtrade\u00a0<\/b><\/a><\/p>\n<p><span style=\"font-weight: 400;\">O projeto Escola de Lideran\u00e7a Feminina est\u00e1 sendo realizado atualmente na Costa do Marfim e inclui atividades para aumentar a conscientiza\u00e7\u00e3o sobre quest\u00f5es de g\u00eanero e apoiar organiza\u00e7\u00f5es de produtores para melhor compreender e integrar as mulheres em suas decis\u00f5es de ades\u00e3o e tomada de decis\u00e3o.<\/span><\/p>\n<p><span style=\"font-weight: 400;\">Em 2019, as atividades do programa alcan\u00e7aram mais de 34.000 agricultores participantes, um quarto dos quais eram mulheres da cooperativa CAYAT na Costa do Marfim.<\/span><\/p>\n<p><span style=\"font-weight: 400;\">Este ano, 260 organiza\u00e7\u00f5es de produtores de cacau receber\u00e3o apoio do programa. Destas, 28 organiza\u00e7\u00f5es est\u00e3o se beneficiando de treinamento adicional e visitas de consultoria por funcion\u00e1rios do programa em v\u00e1rios t\u00f3picos, como intensificar os esfor\u00e7os de igualdade de g\u00eanero, bem como boas pr\u00e1ticas agr\u00edcolas, adapta\u00e7\u00e3o \u00e0s mudan\u00e7as clim\u00e1ticas e gest\u00e3o financeira, entre outros.<\/span><\/p>\n<p><span style=\"font-weight: 400;\">A Escola de Lideran\u00e7a Feminina Comercio Justo melhorou a autoconfian\u00e7a e autoestima das mulheres, capacitando-as a compreender seus direitos, desenvolver habilidades financeiras e agr\u00edcolas e apoiar outras mulheres agricultoras. Mais de 60 ex e atuais participantes da Escola de Lideran\u00e7a Feminina obtiveram recursos para que possam \u201ccontribuir com suas cooperativas e se engajar em atividades geradoras de renda\u201d.<\/span><\/p>\n<\/div>\n<p><img loading=\"lazy\" decoding=\"async\" class=\"alignnone wp-image-2442 size-large\" src=\"http:\/\/www.fairtrade.es\/wp-content\/uploads\/2022\/04\/Captura-de-pantalla-2022-04-20-a-las-16.57.50-1024x681.png\" alt=\"\" width=\"1024\" height=\"681\" srcset=\"https:\/\/www.fairtrade.es\/wp-content\/uploads\/2022\/04\/Captura-de-pantalla-2022-04-20-a-las-16.57.50-1024x681.png 1024w, https:\/\/www.fairtrade.es\/wp-content\/uploads\/2022\/04\/Captura-de-pantalla-2022-04-20-a-las-16.57.50-300x199.png 300w, https:\/\/www.fairtrade.es\/wp-content\/uploads\/2022\/04\/Captura-de-pantalla-2022-04-20-a-las-16.57.50-768x510.png 768w, https:\/\/www.fairtrade.es\/wp-content\/uploads\/2022\/04\/Captura-de-pantalla-2022-04-20-a-las-16.57.50-1536x1021.png 1536w, https:\/\/www.fairtrade.es\/wp-content\/uploads\/2022\/04\/Captura-de-pantalla-2022-04-20-a-las-16.57.50.png 2040w\" sizes=\"auto, (max-width: 1024px) 100vw, 1024px\" \/><\/p>\n<p><b>Na Am\u00e9rica Latina, <\/b><span style=\"font-weight: 400;\">109 mulheres de seis organiza\u00e7\u00f5es de produtores Fairtrade na Guatemala conclu\u00edram com sucesso a &quot;Escola de Empoderamento Econ\u00f4mico e Lideran\u00e7a da Mulher Guatemalteca&quot; Anteriormente, tr\u00eas escolas foram realizadas em El Salvador, o que n\u00e3o s\u00f3 deu resultados positivos para os mais de cem participantes, mas tamb\u00e9m deu origem ao desenvolvimento de um manual para replicar o treinamento em outros pa\u00edses. A pr\u00f3xima escola ser\u00e1 na Rep\u00fablica Dominicana.<\/span><\/p>\n<p><span style=\"font-weight: 400;\">&quot;Participar da escola foi uma experi\u00eancia maravilhosa, pois aprendi com as informa\u00e7\u00f5es apresentadas e, sobretudo, aprendi a me valorizar como sou e me amar como sou&quot;, disse Ana Beatriz Ram\u00edrez L\u00f3pez, integrante do Ciasfa cooperativa de caf\u00e9 na Guatemala.<\/span><\/p>\n<p><span style=\"font-weight: 400;\">Escolha Fairtrade e voc\u00ea estar\u00e1 ajudando a reduzir a diferen\u00e7a de g\u00eanero.\u00a0<\/span><\/p>\n<div><\/div>","protected":false},"excerpt":{"rendered":"<p>Entre 60 e 80% dos alimentos do mundo s\u00e3o cultivados por mulheres. No entanto, muitas vezes eles n\u00e3o possuem a terra e recebem poucos benef\u00edcios. A Fairtrade trabalha para resolver essa lacuna de g\u00eanero. Muitos estudos mostram que, embora o papel das mulheres na agricultura tenha aumentado ao longo do tempo, [\u2026]<\/p>","protected":false},"author":1,"featured_media":2440,"comment_status":"open","ping_status":"open","sticky":false,"template":"","format":"standard","meta":{"_acf_changed":false,"_ef_editorial_meta_date_first-draft-date":"","_ef_editorial_meta_paragraph_assignment":"","_ef_editorial_meta_checkbox_needs-photo":"","_ef_editorial_meta_number_word-count":"","footnotes":""},"categories":[148,155,167,1],"tags":[],"class_list":["post-2439","post","type-post","status-publish","format-standard","has-post-thumbnail","hentry","category-comercio-justo","category-igualdad-de-genero","category-prima-fairtrade","category-uncategorized"],"acf":[],"yoast_head":"<!-- This site is optimized with the Yoast SEO plugin v27.5 - https:\/\/yoast.com\/product\/yoast-seo-wordpress\/ -->\n<title>Fairtrade. La igualdad de g\u00e9nero. | Fairtrade<\/title>\n<meta name=\"description\" content=\"Fairtrade. La igualdad de g\u00e9nero.\" \/>\n<meta name=\"robots\" content=\"index, follow, max-snippet:-1, max-image-preview:large, max-video-preview:-1\" \/>\n<link rel=\"canonical\" href=\"https:\/\/www.fairtrade.es\/pt\/comercio-justo-igualdade-de-genero\/\" \/>\n<meta property=\"og:locale\" content=\"pt_PT\" \/>\n<meta property=\"og:type\" content=\"article\" \/>\n<meta property=\"og:title\" content=\"Fairtrade. La igualdad de g\u00e9nero. | Fairtrade\" \/>\n<meta property=\"og:description\" content=\"Fairtrade. La igualdad de g\u00e9nero.\" \/>\n<meta property=\"og:url\" content=\"https:\/\/www.fairtrade.es\/pt\/comercio-justo-igualdade-de-genero\/\" \/>\n<meta property=\"og:site_name\" content=\"Fairtrade\" \/>\n<meta property=\"article:publisher\" content=\"https:\/\/www.facebook.com\/fairtradeiberica\" \/>\n<meta property=\"article:published_time\" content=\"2022-04-20T14:48:12+00:00\" \/>\n<meta property=\"article:modified_time\" content=\"2023-12-27T13:10:29+00:00\" \/>\n<meta property=\"og:image\" content=\"https:\/\/www.fairtrade.es\/wp-content\/uploads\/2022\/04\/Captura-de-pantalla-2022-04-20-a-las-16.45.33-1024x675.png\" \/>\n\t<meta property=\"og:image:width\" content=\"1024\" \/>\n\t<meta property=\"og:image:height\" content=\"675\" \/>\n\t<meta property=\"og:image:type\" content=\"image\/png\" \/>\n<meta name=\"author\" content=\"senda\" \/>\n<meta name=\"twitter:card\" content=\"summary_large_image\" \/>\n<meta name=\"twitter:creator\" content=\"@fairtradeES\" \/>\n<meta name=\"twitter:site\" content=\"@fairtradeES\" \/>\n<meta name=\"twitter:label1\" content=\"Escrito por\" \/>\n\t<meta name=\"twitter:data1\" content=\"senda\" \/>\n\t<meta name=\"twitter:label2\" content=\"Tempo estimado de leitura\" \/>\n\t<meta name=\"twitter:data2\" content=\"4 minutos\" \/>\n<script type=\"application\/ld+json\" class=\"yoast-schema-graph\">{\"@context\":\"https:\\\/\\\/schema.org\",\"@graph\":[{\"@type\":\"Article\",\"@id\":\"https:\\\/\\\/www.fairtrade.es\\\/fairtrade-la-igualdad-de-genero\\\/#article\",\"isPartOf\":{\"@id\":\"https:\\\/\\\/www.fairtrade.es\\\/fairtrade-la-igualdad-de-genero\\\/\"},\"author\":{\"name\":\"senda\",\"@id\":\"https:\\\/\\\/www.fairtrade.es\\\/#\\\/schema\\\/person\\\/2a8f05ec3db305005bb877b1b1fbb144\"},\"headline\":\"Fairtrade. La igualdad de g\u00e9nero.\",\"datePublished\":\"2022-04-20T14:48:12+00:00\",\"dateModified\":\"2023-12-27T13:10:29+00:00\",\"mainEntityOfPage\":{\"@id\":\"https:\\\/\\\/www.fairtrade.es\\\/fairtrade-la-igualdad-de-genero\\\/\"},\"wordCount\":782,\"commentCount\":0,\"publisher\":{\"@id\":\"https:\\\/\\\/www.fairtrade.es\\\/#organization\"},\"image\":{\"@id\":\"https:\\\/\\\/www.fairtrade.es\\\/fairtrade-la-igualdad-de-genero\\\/#primaryimage\"},\"thumbnailUrl\":\"https:\\\/\\\/www.fairtrade.es\\\/wp-content\\\/uploads\\\/2022\\\/04\\\/Captura-de-pantalla-2022-04-20-a-las-16.45.33.png\",\"articleSection\":[\"Comercio Justo\",\"Igualdad de G\u00e9nero\",\"Prima Fairtrade\",\"Uncategorized\"],\"inLanguage\":\"pt-PT\",\"potentialAction\":[{\"@type\":\"CommentAction\",\"name\":\"Comment\",\"target\":[\"https:\\\/\\\/www.fairtrade.es\\\/fairtrade-la-igualdad-de-genero\\\/#respond\"]}]},{\"@type\":\"WebPage\",\"@id\":\"https:\\\/\\\/www.fairtrade.es\\\/fairtrade-la-igualdad-de-genero\\\/\",\"url\":\"https:\\\/\\\/www.fairtrade.es\\\/fairtrade-la-igualdad-de-genero\\\/\",\"name\":\"Fairtrade. La igualdad de g\u00e9nero. | Fairtrade\",\"isPartOf\":{\"@id\":\"https:\\\/\\\/www.fairtrade.es\\\/#website\"},\"primaryImageOfPage\":{\"@id\":\"https:\\\/\\\/www.fairtrade.es\\\/fairtrade-la-igualdad-de-genero\\\/#primaryimage\"},\"image\":{\"@id\":\"https:\\\/\\\/www.fairtrade.es\\\/fairtrade-la-igualdad-de-genero\\\/#primaryimage\"},\"thumbnailUrl\":\"https:\\\/\\\/www.fairtrade.es\\\/wp-content\\\/uploads\\\/2022\\\/04\\\/Captura-de-pantalla-2022-04-20-a-las-16.45.33.png\",\"datePublished\":\"2022-04-20T14:48:12+00:00\",\"dateModified\":\"2023-12-27T13:10:29+00:00\",\"description\":\"Fairtrade. La igualdad de g\u00e9nero.\",\"breadcrumb\":{\"@id\":\"https:\\\/\\\/www.fairtrade.es\\\/fairtrade-la-igualdad-de-genero\\\/#breadcrumb\"},\"inLanguage\":\"pt-PT\",\"potentialAction\":[{\"@type\":\"ReadAction\",\"target\":[\"https:\\\/\\\/www.fairtrade.es\\\/fairtrade-la-igualdad-de-genero\\\/\"]}]},{\"@type\":\"ImageObject\",\"inLanguage\":\"pt-PT\",\"@id\":\"https:\\\/\\\/www.fairtrade.es\\\/fairtrade-la-igualdad-de-genero\\\/#primaryimage\",\"url\":\"https:\\\/\\\/www.fairtrade.es\\\/wp-content\\\/uploads\\\/2022\\\/04\\\/Captura-de-pantalla-2022-04-20-a-las-16.45.33.png\",\"contentUrl\":\"https:\\\/\\\/www.fairtrade.es\\\/wp-content\\\/uploads\\\/2022\\\/04\\\/Captura-de-pantalla-2022-04-20-a-las-16.45.33.png\",\"width\":2156,\"height\":1422},{\"@type\":\"BreadcrumbList\",\"@id\":\"https:\\\/\\\/www.fairtrade.es\\\/fairtrade-la-igualdad-de-genero\\\/#breadcrumb\",\"itemListElement\":[{\"@type\":\"ListItem\",\"position\":1,\"name\":\"Portada\",\"item\":\"https:\\\/\\\/www.fairtrade.es\\\/\"},{\"@type\":\"ListItem\",\"position\":2,\"name\":\"Fairtrade. La igualdad de g\u00e9nero.\"}]},{\"@type\":\"WebSite\",\"@id\":\"https:\\\/\\\/www.fairtrade.es\\\/#website\",\"url\":\"https:\\\/\\\/www.fairtrade.es\\\/\",\"name\":\"Fairtrade\",\"description\":\"Sello l\u00edder de comercio justo\",\"publisher\":{\"@id\":\"https:\\\/\\\/www.fairtrade.es\\\/#organization\"},\"potentialAction\":[{\"@type\":\"SearchAction\",\"target\":{\"@type\":\"EntryPoint\",\"urlTemplate\":\"https:\\\/\\\/www.fairtrade.es\\\/?s={search_term_string}\"},\"query-input\":{\"@type\":\"PropertyValueSpecification\",\"valueRequired\":true,\"valueName\":\"search_term_string\"}}],\"inLanguage\":\"pt-PT\"},{\"@type\":\"Organization\",\"@id\":\"https:\\\/\\\/www.fairtrade.es\\\/#organization\",\"name\":\"Fairtrade Ib\u00e9rica\",\"url\":\"https:\\\/\\\/www.fairtrade.es\\\/\",\"logo\":{\"@type\":\"ImageObject\",\"inLanguage\":\"pt-PT\",\"@id\":\"https:\\\/\\\/www.fairtrade.es\\\/#\\\/schema\\\/logo\\\/image\\\/\",\"url\":\"https:\\\/\\\/www.fairtrade.es\\\/wp-content\\\/uploads\\\/2022\\\/03\\\/Fairtrade-iberica-logo.png\",\"contentUrl\":\"https:\\\/\\\/www.fairtrade.es\\\/wp-content\\\/uploads\\\/2022\\\/03\\\/Fairtrade-iberica-logo.png\",\"width\":340,\"height\":407,\"caption\":\"Fairtrade Ib\u00e9rica\"},\"image\":{\"@id\":\"https:\\\/\\\/www.fairtrade.es\\\/#\\\/schema\\\/logo\\\/image\\\/\"},\"sameAs\":[\"https:\\\/\\\/www.facebook.com\\\/fairtradeiberica\",\"https:\\\/\\\/x.com\\\/fairtradeES\",\"https:\\\/\\\/www.instagram.com\\\/fairtradeiberica\\\/\",\"https:\\\/\\\/www.linkedin.com\\\/company\\\/fairtrade-iberica\",\"https:\\\/\\\/www.youtube.com\\\/user\\\/sellofairtrade\"]},{\"@type\":\"Person\",\"@id\":\"https:\\\/\\\/www.fairtrade.es\\\/#\\\/schema\\\/person\\\/2a8f05ec3db305005bb877b1b1fbb144\",\"name\":\"senda\",\"image\":{\"@type\":\"ImageObject\",\"inLanguage\":\"pt-PT\",\"@id\":\"https:\\\/\\\/secure.gravatar.com\\\/avatar\\\/2ad25152d66ab68f233ff1e771f5f5b61808045f5b306f63250027046f2b84c4?s=96&d=mm&r=g\",\"url\":\"https:\\\/\\\/secure.gravatar.com\\\/avatar\\\/2ad25152d66ab68f233ff1e771f5f5b61808045f5b306f63250027046f2b84c4?s=96&d=mm&r=g\",\"contentUrl\":\"https:\\\/\\\/secure.gravatar.com\\\/avatar\\\/2ad25152d66ab68f233ff1e771f5f5b61808045f5b306f63250027046f2b84c4?s=96&d=mm&r=g\",\"caption\":\"senda\"},\"sameAs\":[\"http:\\\/\\\/localhost:8888\\\/fairtade\"]}]}<\/script>\n<!-- \/ Yoast SEO plugin. -->","yoast_head_json":{"title":"Fairtrade. La igualdad de g\u00e9nero. | Fairtrade","description":"Fairtrade. La igualdad de g\u00e9nero.","robots":{"index":"index","follow":"follow","max-snippet":"max-snippet:-1","max-image-preview":"max-image-preview:large","max-video-preview":"max-video-preview:-1"},"canonical":"https:\/\/www.fairtrade.es\/pt\/comercio-justo-igualdade-de-genero\/","og_locale":"pt_PT","og_type":"article","og_title":"Fairtrade. La igualdad de g\u00e9nero. | Fairtrade","og_description":"Fairtrade. La igualdad de g\u00e9nero.","og_url":"https:\/\/www.fairtrade.es\/pt\/comercio-justo-igualdade-de-genero\/","og_site_name":"Fairtrade","article_publisher":"https:\/\/www.facebook.com\/fairtradeiberica","article_published_time":"2022-04-20T14:48:12+00:00","article_modified_time":"2023-12-27T13:10:29+00:00","og_image":[{"width":1024,"height":675,"url":"https:\/\/www.fairtrade.es\/wp-content\/uploads\/2022\/04\/Captura-de-pantalla-2022-04-20-a-las-16.45.33-1024x675.png","type":"image\/png"}],"author":"senda","twitter_card":"summary_large_image","twitter_creator":"@fairtradeES","twitter_site":"@fairtradeES","twitter_misc":{"Escrito por":"senda","Tempo estimado de leitura":"4 minutos"},"schema":{"@context":"https:\/\/schema.org","@graph":[{"@type":"Article","@id":"https:\/\/www.fairtrade.es\/fairtrade-la-igualdad-de-genero\/#article","isPartOf":{"@id":"https:\/\/www.fairtrade.es\/fairtrade-la-igualdad-de-genero\/"},"author":{"name":"senda","@id":"https:\/\/www.fairtrade.es\/#\/schema\/person\/2a8f05ec3db305005bb877b1b1fbb144"},"headline":"Fairtrade. La igualdad de g\u00e9nero.","datePublished":"2022-04-20T14:48:12+00:00","dateModified":"2023-12-27T13:10:29+00:00","mainEntityOfPage":{"@id":"https:\/\/www.fairtrade.es\/fairtrade-la-igualdad-de-genero\/"},"wordCount":782,"commentCount":0,"publisher":{"@id":"https:\/\/www.fairtrade.es\/#organization"},"image":{"@id":"https:\/\/www.fairtrade.es\/fairtrade-la-igualdad-de-genero\/#primaryimage"},"thumbnailUrl":"https:\/\/www.fairtrade.es\/wp-content\/uploads\/2022\/04\/Captura-de-pantalla-2022-04-20-a-las-16.45.33.png","articleSection":["Comercio Justo","Igualdad de G\u00e9nero","Prima Fairtrade","Uncategorized"],"inLanguage":"pt-PT","potentialAction":[{"@type":"CommentAction","name":"Comment","target":["https:\/\/www.fairtrade.es\/fairtrade-la-igualdad-de-genero\/#respond"]}]},{"@type":"WebPage","@id":"https:\/\/www.fairtrade.es\/fairtrade-la-igualdad-de-genero\/","url":"https:\/\/www.fairtrade.es\/fairtrade-la-igualdad-de-genero\/","name":"Fairtrade. La igualdad de g\u00e9nero. | Fairtrade","isPartOf":{"@id":"https:\/\/www.fairtrade.es\/#website"},"primaryImageOfPage":{"@id":"https:\/\/www.fairtrade.es\/fairtrade-la-igualdad-de-genero\/#primaryimage"},"image":{"@id":"https:\/\/www.fairtrade.es\/fairtrade-la-igualdad-de-genero\/#primaryimage"},"thumbnailUrl":"https:\/\/www.fairtrade.es\/wp-content\/uploads\/2022\/04\/Captura-de-pantalla-2022-04-20-a-las-16.45.33.png","datePublished":"2022-04-20T14:48:12+00:00","dateModified":"2023-12-27T13:10:29+00:00","description":"Fairtrade. La igualdad de g\u00e9nero.","breadcrumb":{"@id":"https:\/\/www.fairtrade.es\/fairtrade-la-igualdad-de-genero\/#breadcrumb"},"inLanguage":"pt-PT","potentialAction":[{"@type":"ReadAction","target":["https:\/\/www.fairtrade.es\/fairtrade-la-igualdad-de-genero\/"]}]},{"@type":"ImageObject","inLanguage":"pt-PT","@id":"https:\/\/www.fairtrade.es\/fairtrade-la-igualdad-de-genero\/#primaryimage","url":"https:\/\/www.fairtrade.es\/wp-content\/uploads\/2022\/04\/Captura-de-pantalla-2022-04-20-a-las-16.45.33.png","contentUrl":"https:\/\/www.fairtrade.es\/wp-content\/uploads\/2022\/04\/Captura-de-pantalla-2022-04-20-a-las-16.45.33.png","width":2156,"height":1422},{"@type":"BreadcrumbList","@id":"https:\/\/www.fairtrade.es\/fairtrade-la-igualdad-de-genero\/#breadcrumb","itemListElement":[{"@type":"ListItem","position":1,"name":"Portada","item":"https:\/\/www.fairtrade.es\/"},{"@type":"ListItem","position":2,"name":"Fairtrade. La igualdad de g\u00e9nero."}]},{"@type":"WebSite","@id":"https:\/\/www.fairtrade.es\/#website","url":"https:\/\/www.fairtrade.es\/","name":"Fairtrade","description":"Sello l\u00edder de comercio justo","publisher":{"@id":"https:\/\/www.fairtrade.es\/#organization"},"potentialAction":[{"@type":"SearchAction","target":{"@type":"EntryPoint","urlTemplate":"https:\/\/www.fairtrade.es\/?s={search_term_string}"},"query-input":{"@type":"PropertyValueSpecification","valueRequired":true,"valueName":"search_term_string"}}],"inLanguage":"pt-PT"},{"@type":"Organization","@id":"https:\/\/www.fairtrade.es\/#organization","name":"Fairtrade Ib\u00e9rica","url":"https:\/\/www.fairtrade.es\/","logo":{"@type":"ImageObject","inLanguage":"pt-PT","@id":"https:\/\/www.fairtrade.es\/#\/schema\/logo\/image\/","url":"https:\/\/www.fairtrade.es\/wp-content\/uploads\/2022\/03\/Fairtrade-iberica-logo.png","contentUrl":"https:\/\/www.fairtrade.es\/wp-content\/uploads\/2022\/03\/Fairtrade-iberica-logo.png","width":340,"height":407,"caption":"Fairtrade Ib\u00e9rica"},"image":{"@id":"https:\/\/www.fairtrade.es\/#\/schema\/logo\/image\/"},"sameAs":["https:\/\/www.facebook.com\/fairtradeiberica","https:\/\/x.com\/fairtradeES","https:\/\/www.instagram.com\/fairtradeiberica\/","https:\/\/www.linkedin.com\/company\/fairtrade-iberica","https:\/\/www.youtube.com\/user\/sellofairtrade"]},{"@type":"Person","@id":"https:\/\/www.fairtrade.es\/#\/schema\/person\/2a8f05ec3db305005bb877b1b1fbb144","name":"senda","image":{"@type":"ImageObject","inLanguage":"pt-PT","@id":"https:\/\/secure.gravatar.com\/avatar\/2ad25152d66ab68f233ff1e771f5f5b61808045f5b306f63250027046f2b84c4?s=96&d=mm&r=g","url":"https:\/\/secure.gravatar.com\/avatar\/2ad25152d66ab68f233ff1e771f5f5b61808045f5b306f63250027046f2b84c4?s=96&d=mm&r=g","contentUrl":"https:\/\/secure.gravatar.com\/avatar\/2ad25152d66ab68f233ff1e771f5f5b61808045f5b306f63250027046f2b84c4?s=96&d=mm&r=g","caption":"senda"},"sameAs":["http:\/\/localhost:8888\/fairtade"]}]}},"_links":{"self":[{"href":"https:\/\/www.fairtrade.es\/pt\/wp-json\/wp\/v2\/posts\/2439","targetHints":{"allow":["GET"]}}],"collection":[{"href":"https:\/\/www.fairtrade.es\/pt\/wp-json\/wp\/v2\/posts"}],"about":[{"href":"https:\/\/www.fairtrade.es\/pt\/wp-json\/wp\/v2\/types\/post"}],"author":[{"embeddable":true,"href":"https:\/\/www.fairtrade.es\/pt\/wp-json\/wp\/v2\/users\/1"}],"replies":[{"embeddable":true,"href":"https:\/\/www.fairtrade.es\/pt\/wp-json\/wp\/v2\/comments?post=2439"}],"version-history":[{"count":3,"href":"https:\/\/www.fairtrade.es\/pt\/wp-json\/wp\/v2\/posts\/2439\/revisions"}],"predecessor-version":[{"id":2445,"href":"https:\/\/www.fairtrade.es\/pt\/wp-json\/wp\/v2\/posts\/2439\/revisions\/2445"}],"wp:featuredmedia":[{"embeddable":true,"href":"https:\/\/www.fairtrade.es\/pt\/wp-json\/wp\/v2\/media\/2440"}],"wp:attachment":[{"href":"https:\/\/www.fairtrade.es\/pt\/wp-json\/wp\/v2\/media?parent=2439"}],"wp:term":[{"taxonomy":"category","embeddable":true,"href":"https:\/\/www.fairtrade.es\/pt\/wp-json\/wp\/v2\/categories?post=2439"},{"taxonomy":"post_tag","embeddable":true,"href":"https:\/\/www.fairtrade.es\/pt\/wp-json\/wp\/v2\/tags?post=2439"}],"curies":[{"name":"wp","href":"https:\/\/api.w.org\/{rel}","templated":true}]}}