{"id":2461,"date":"2022-04-20T15:23:04","date_gmt":"2022-04-20T15:23:04","guid":{"rendered":"https:\/\/www.fairtrade.es\/?p=2461"},"modified":"2023-12-27T14:11:12","modified_gmt":"2023-12-27T12:11:12","slug":"fairtrade-los-derechos-de-los-trabajadores","status":"publish","type":"post","link":"https:\/\/www.fairtrade.es\/pt\/direitos-dos-trabalhadores-do-comercio-justo\/","title":{"rendered":"Fairtrade. Os direitos dos trabalhadores."},"content":{"rendered":"<p>&nbsp;<\/p>\r\n\r\n\r\n\r\n<p>Os trabalhadores rurais est\u00e3o entre as pessoas mais vulner\u00e1veis no com\u00e9rcio mundial.\u00a0<\/p>\r\n\r\n\r\n\r\n<p>Sem acesso \u00e0 terra ou incapazes de viver dela, os agricultores <strong>muitas vezes t\u00eam poucas op\u00e7\u00f5es para ganhar uma vida sustent\u00e1vel<\/strong>. esses trabalhadores <strong>muitas vezes carecem de contratos formais, liberdade de associa\u00e7\u00e3o, garantias b\u00e1sicas de sa\u00fade e seguran\u00e7a e sal\u00e1rios adequados,<\/strong> entre outros problemas. Mesmo empregadores bem-intencionados podem descobrir que n\u00e3o ganham o suficiente para pagar um sal\u00e1rio m\u00ednimo ou investir em melhores equipamentos ou condi\u00e7\u00f5es de trabalho mais seguras.<\/p>\r\n\r\n\r\n\r\n<figure class=\"wp-block-image\"><img decoding=\"async\" src=\"https:\/\/lh5.googleusercontent.com\/cmiH7IH5pxYTC13S0JM_uGW2ieCfxRRqgbLbJlLxt37jLApuLgYPEWZYrpmriGSlWk5m8WRBKnTwPHj9TYlPpu70ZKvO5AxxwV15_m-MDjy3acwDMJ-fLjRh3WWLL9ZaieEyB0zY\" alt=\"\" \/><\/figure>\r\n\r\n\r\n\r\n<p>Garantir os direitos dos trabalhadores n\u00e3o \u00e9 apenas justo, \u00e9 tamb\u00e9m um bom neg\u00f3cio. Quando os trabalhadores recebem<strong> sal\u00e1rio e tratamento justo<\/strong> eles permanecem no trabalho e constroem sua organiza\u00e7\u00e3o. Eles t\u00eam a oportunidade de se desenvolver pessoalmente e se tornar gerentes e l\u00edderes. Eles sustentam suas fam\u00edlias e investem em suas comunidades.<\/p>\r\n\r\n\r\n\r\n<p><strong>Como o Fairtrade fortalece os direitos dos trabalhadores<\/strong><\/p>\r\n\r\n\r\n\r\n<p>Os Padr\u00f5es Fairtrade s\u00e3o baseados nas conven\u00e7\u00f5es e recomenda\u00e7\u00f5es do <a href=\"https:\/\/www.ilo.org\/global\/lang--es\/index.htm\">Organiza\u00e7\u00e3o Internacional do Trabalho (OIT).<\/a><\/p>\r\n\r\n\r\n\r\n<ol class=\"wp-block-list\">\r\n<li><strong>Os padr\u00f5es Fairtrade para m\u00e3o de obra contratada.<\/strong> Estabelecem os requisitos para qualquer explora\u00e7\u00e3o agr\u00edcola que empregue trabalhadores regulares, incluindo normas de sa\u00fade e seguran\u00e7a, ao mesmo tempo que estabelecem condi\u00e7\u00f5es de emprego em quest\u00f5es como sal\u00e1rios, f\u00e9rias, seguran\u00e7a social e contratos. Em 2019, atualizamos as Normas para incluir prote\u00e7\u00f5es adicionais focadas em <strong>trabalhadores sazonais e migrantes, <\/strong>pois s\u00e3o muitas vezes transit\u00f3rios e enfrentam situa\u00e7\u00f5es de emprego particularmente prec\u00e1rias.<\/li>\r\n<li><strong>Treinamento para que os colaboradores conhe\u00e7am seus direitos e possam se defender.<\/strong> Embora os padr\u00f5es Fairtrade exijam que os empregadores reconhe\u00e7am o direito de seus funcion\u00e1rios de se filiarem a um sindicato, o Fairtrade tamb\u00e9m organiza atividades de treinamento para ensinar aos trabalhadores seus direitos e como se relacionar com a administra\u00e7\u00e3o.\u00a0<\/li>\r\n<li><strong>Colabora\u00e7\u00e3o com outras organiza\u00e7\u00f5es<\/strong> fazer mudan\u00e7as amplas que melhorem a vida de todos os trabalhadores, n\u00e3o apenas daqueles empregados em fazendas e planta\u00e7\u00f5es com certifica\u00e7\u00e3o Fairtrade.\u00a0<\/li>\r\n<li><strong>Comit\u00ea Consultivo de Direitos dos Trabalhadores<\/strong><\/li>\r\n<\/ol>\r\n\r\n\r\n\r\n<p>&nbsp;<\/p>\r\n\r\n\r\n\r\n<p>Este comit\u00ea n\u00e3o \u00e9 apenas um \u00f3rg\u00e3o consultivo, mas tamb\u00e9m uma plataforma de di\u00e1logo entre as organiza\u00e7\u00f5es membros do Fairtrade, incluindo redes de produtores e o movimento trabalhista internacional.\u00a0<\/p>\r\n\r\n\r\n\r\n<p><strong>Reconhecemos que nem sempre \u00e9 suficiente exigir que os empregadores fa\u00e7am a coisa certa: eles tamb\u00e9m devem poder pagar. O Pre\u00e7o M\u00ednimo Fairtrade e os contratos de longo prazo ajudam os empreendedores a ter a estabilidade e os recursos necess\u00e1rios para garantir os direitos exigidos por nossas Normas.\u00a0<\/strong><\/p>\r\n\r\n\r\n\r\n<p><strong>\u2192 Renda e sal\u00e1rios decentes<\/strong><\/p>\r\n\r\n\r\n\r\n<p>Das 736 milh\u00f5es de pessoas que vivem na <strong>pobreza extrema <\/strong>ao redor do mundo, perto <strong>80% vivem em \u00e1reas rurais e dependem da agricultura <\/strong>para sobreviver.<\/p>\r\n\r\n\r\n\r\n<p>\u00c9 inaceit\u00e1vel - e insustent\u00e1vel - que as pessoas que cultivam e colhem grande parte dos alimentos do mundo n\u00e3o sejam pagas o suficiente para ter uma vida decente.<\/p>\r\n\r\n\r\n\r\n<p><strong>Um padr\u00e3o de vida decente <\/strong>-que cobre as necessidades b\u00e1sicas e sustenta uma exist\u00eancia decente- <strong>\u00e9 um direito humano.<\/strong>\u00a0<\/p>\r\n\r\n\r\n\r\n<figure class=\"wp-block-image\"><img decoding=\"async\" src=\"https:\/\/lh4.googleusercontent.com\/b2KM0cOBf0Kg1xhOABws6yFdyVKFLDCAMqScplhTgqiAs1aF0AWMRQnZzpNwWGKADw1L3GKlbCn5mxBW91wU10bGzR4IHokCZZplDfQH05d2Or2L0ER113GkY7Ro72y_W1oY3Pau\" alt=\"\" \/><\/figure>\r\n\r\n\r\n\r\n<p><strong>Como o Fairtrade promove meios de vida decentes.<\/strong><\/p>\r\n\r\n\r\n\r\n<p>Os caminhos para uma vida decente ser\u00e3o diferentes para agricultores propriet\u00e1rios e agricultores contratados.<\/p>\r\n\r\n\r\n\r\n<p>\u00c9 por isso que em Fairtrade<strong> Desenvolvemos duas estrat\u00e9gias: uma estrat\u00e9gia de renda m\u00ednima para pequenos agricultores e uma estrat\u00e9gia de sal\u00e1rio m\u00ednimo para trabalhadores contratados.<\/strong><\/p>\r\n\r\n\r\n\r\n<p>E ainda h\u00e1 muito trabalho a ser feito.\u00a0<\/p>\r\n\r\n\r\n\r\n<ol class=\"wp-block-list\">\r\n<li><strong><strong>O Pre\u00e7o M\u00ednimo e o Pr\u00eamio Fairtrade <\/strong>Eles fornecem prote\u00e7\u00e3o importante aos agricultores e trabalhadores quando se trata de vender seus produtos.<\/strong><\/li>\r\n<li><span style=\"color: initial; font-family: -apple-system, BlinkMacSystemFont, 'Segoe UI', Roboto, Oxygen-Sans, Ubuntu, Cantarell, 'Helvetica Neue', sans-serif;\">o <\/span><strong style=\"color: initial; font-family: -apple-system, BlinkMacSystemFont, 'Segoe UI', Roboto, Oxygen-Sans, Ubuntu, Cantarell, 'Helvetica Neue', sans-serif;\">padr\u00e3o Fairtrade<\/strong><span style=\"color: initial; font-family: -apple-system, BlinkMacSystemFont, 'Segoe UI', Roboto, Oxygen-Sans, Ubuntu, Cantarell, 'Helvetica Neue', sans-serif;\"> exige que os empregadores aumentem os sal\u00e1rios progressivamente at\u00e9 atingirem um <\/span><strong style=\"color: initial; font-family: -apple-system, BlinkMacSystemFont, 'Segoe UI', Roboto, Oxygen-Sans, Ubuntu, Cantarell, 'Helvetica Neue', sans-serif;\">sal\u00e1rio m\u00ednimo<\/strong><span style=\"color: initial; font-family: -apple-system, BlinkMacSystemFont, 'Segoe UI', Roboto, Oxygen-Sans, Ubuntu, Cantarell, 'Helvetica Neue', sans-serif;\">. Introduzimos tamb\u00e9m a exig\u00eancia de <\/span><strong style=\"color: initial; font-family: -apple-system, BlinkMacSystemFont, 'Segoe UI', Roboto, Oxygen-Sans, Ubuntu, Cantarell, 'Helvetica Neue', sans-serif;\">Sal\u00e1rio m\u00ednimo<\/strong><span style=\"color: initial; font-family: -apple-system, BlinkMacSystemFont, 'Segoe UI', Roboto, Oxygen-Sans, Ubuntu, Cantarell, 'Helvetica Neue', sans-serif;\">, que oferece prote\u00e7\u00e3o aos trabalhadores em pa\u00edses onde os sal\u00e1rios s\u00e3o extremamente baixos. \u2192 <\/span><strong style=\"color: initial; font-family: -apple-system, BlinkMacSystemFont, 'Segoe UI', Roboto, Oxygen-Sans, Ubuntu, Cantarell, 'Helvetica Neue', sans-serif;\">Somos cofundadores da Global Living Wage Coalition<\/strong><span style=\"color: initial; font-family: -apple-system, BlinkMacSystemFont, 'Segoe UI', Roboto, Oxygen-Sans, Ubuntu, Cantarell, 'Helvetica Neue', sans-serif;\"> e apoiamos o desenvolvimento de refer\u00eancias de sal\u00e1rio m\u00ednimo em pa\u00edses e regi\u00f5es espec\u00edficos. Esses benchmarks nos ajudam a ver a diferen\u00e7a com os sal\u00e1rios atuais e a encontrar solu\u00e7\u00f5es em conjunto com empregadores, trabalhadores, compradores e varejistas.<\/span><\/li>\r\n<li>Fairtrade desenvolveu o conceito de <strong>Pre\u00e7o de refer\u00eancia de renda vital<\/strong>, que indica o pre\u00e7o exigido para agricultores em tempo integral com n\u00edveis de produtividade adequados e sustent\u00e1veis para obter uma renda decente.<\/li>\r\n<li><strong>Promovemos a organiza\u00e7\u00e3o dos trabalhadores em sindicatos <\/strong>para que possam negociar coletivamente por melhores sal\u00e1rios.\u00a0<\/li>\r\n<li>Para ajudar os produtores a vender mais produtos nas condi\u00e7\u00f5es Fairtrade e receber os benef\u00edcios dos pre\u00e7os m\u00ednimos e pr\u00eamios que oferece <strong>Fairtrade<\/strong>, desenvolvemos um<strong> modelo para <\/strong>que as empresas fornecem cada vez <strong>mais<\/strong> do <strong>Ingredientes certificados Fairtrade <\/strong>dentro de um produto final embalado.<\/li>\r\n<li>N\u00f3s somos<strong> promovendo a\u00e7\u00f5es <\/strong>com consumidores, empresas e governos que permitem o progresso em dire\u00e7\u00e3o ao objetivo de que agricultores e trabalhadores ganhem uma vida decente.\u00a0<\/li>\r\n<\/ol>\r\n\r\n\r\n\r\n<p>Nosso trabalho por uma renda vital para pequenos agricultores e trabalhadores contribui para o alcance do Objetivo de Desenvolvimento Sustent\u00e1vel 1 (sem pobreza) e ODS 2 (fome zero), ODS 8 (trabalho decente) e ODS 12 (consumo e produ\u00e7\u00e3o sustent\u00e1veis) .<\/p>\r\n\r\n\r\n\r\n<p><strong>Como calculamos o Pre\u00e7o de Refer\u00eancia da Renda Vital no Fairtrade?<\/strong><\/p>\r\n\r\n\r\n\r\n<p>Os Pre\u00e7os de Refer\u00eancia de Renda Vital Fairtrade s\u00e3o calculados com base em tr\u00eas par\u00e2metros principais:<\/p>\r\n\r\n\r\n\r\n<p>1.- <strong>Custos para manter uma vida digna<\/strong>.<\/p>\r\n\r\n\r\n\r\n<p>Estabelecido por especialistas independentes para uma fam\u00edlia m\u00e9dia em um pa\u00eds ou regi\u00e3o espec\u00edfica, e inclui: despesas com alimenta\u00e7\u00e3o, moradia digna, educa\u00e7\u00e3o, sa\u00fade, roupas e outros itens essenciais, bem como uma pequena provis\u00e3o de conting\u00eancia.<\/p>\r\n\r\n\r\n\r\n<p>2.-<strong>Custos de produ\u00e7\u00e3o sustent\u00e1veis<\/strong><\/p>\r\n\r\n\r\n\r\n<p>Eles se baseiam na ado\u00e7\u00e3o de pr\u00e1ticas agr\u00edcolas sustent\u00e1veis necess\u00e1rias para atingir o n\u00edvel de produtividade desejado, como a substitui\u00e7\u00e3o de \u00e1rvores velhas em hor\u00e1rios regulares e o uso de insumos adequados. Se for necess\u00e1rio contratar trabalhadores adicionais, os custos para pagar-lhes um sal\u00e1rio digno tamb\u00e9m est\u00e3o inclu\u00eddos.<\/p>\r\n\r\n\r\n\r\n<p>3.- <strong>Par\u00e2metros de produtividade<\/strong><\/p>\r\n\r\n\r\n\r\n<p>Eles s\u00e3o baseados em suposi\u00e7\u00f5es acordadas sobre rendimentos alcan\u00e7\u00e1veis e o tamanho da fazenda na qual toda a for\u00e7a de trabalho adulta da fam\u00edlia pode ser empregada.<\/p>\r\n\r\n\r\n\r\n<p>Usando essas vari\u00e1veis, calculamos os pre\u00e7os de refer\u00eancia das anuidades para indicar quanto dinheiro um agricultor em tempo integral que atinge a meta de rendimento precisaria ganhar para ter uma anuidade.<\/p>\r\n\r\n\r\n\r\n<p>&nbsp;<\/p>\r\n\r\n\r\n\r\n<p><a href=\"https:\/\/files.fairtrade.net\/2019_FairtradeLivingIncomeReferencePrice_Model.pdf\">Mais informa\u00e7\u00f5es sobre o modelo aqui.<\/a><\/p>\r\n\r\n\r\n\r\n<p><a href=\"https:\/\/files.fairtrade.net\/2017-10-23_Fairtrade_Living_Income_strategy_EN.pdf\">Estrat\u00e9gia Fairtrade sobre Renda Vital<\/a><\/p>\r\n\r\n\r\n\r\n<p>&nbsp;<\/p>\r\n\r\n\r\n\r\n<p><strong>Escolher o Fairtrade significa apoiar o direito dos trabalhadores a uma renda vital\u00edcia.\u00a0<\/strong><\/p>\r\n\r\n\r\n\r\n<p>&nbsp;<\/p>\r\n\r\n\r\n\r\n<p><strong>\u00c9 nisso que estamos avan\u00e7ando:<\/strong><\/p>\r\n\r\n\r\n\r\n<ol class=\"wp-block-list\">\r\n<li><strong>Definindo refer\u00eancias de sal\u00e1rio m\u00ednimo: <\/strong>Trabalhamos com outros sistemas de certifica\u00e7\u00e3o atrav\u00e9s do <strong>Coaliz\u00e3o Global por um sal\u00e1rio digno<\/strong> estabelecer padr\u00f5es de sal\u00e1rio de vida espec\u00edficos para cada pa\u00eds e regi\u00e3o, validados de forma independente. A partir da\u00ed, determinamos a diferen\u00e7a entre os sal\u00e1rios reais e o benchmark e trabalhamos para reduzir a diferen\u00e7a.\u00a0<\/li>\r\n<li><strong>Definindo regras r\u00edgidas: <\/strong>Al\u00e9m dos requisitos salariais, <a href=\"https:\/\/files.fairtrade.net\/HL_SP.pdf\">Padr\u00f5es Fairtrade para m\u00e3o de obra contratada<\/a> incluir Normas adicionais espec\u00edficas para cada produto certificado.\u00a0<\/li>\r\n<li><strong>Fazendo uso estrat\u00e9gico do Prima Fairtrade:<\/strong> Os trabalhadores em explora\u00e7\u00f5es agr\u00edcolas certificadas Fairtrade podem optar por receber at\u00e9 20% do seu Prima \u2013 que controlam democraticamente \u2013 como dinheiro para ajudar a cobrir as suas necessidades di\u00e1rias. Quando a maioria dos trabalhadores s\u00e3o imigrantes, este valor aumenta para 50%.\u00a0<\/li>\r\n<li><strong>Promovendo a negocia\u00e7\u00e3o coletiva<\/strong>: Na Fairtrade, acreditamos em um sal\u00e1rio m\u00ednimo negociado entre trabalhadores e empregadores com base no com\u00e9rcio justo e sustent\u00e1vel.<\/li>\r\n<li><strong>Reduzir as disparidades salariais entre homens e mulheres:<\/strong> As mulheres que trabalham na agricultura est\u00e3o sobre-representadas em empregos mal remunerados. Na Fairtrade, acreditamos que melhorar a remunera\u00e7\u00e3o tamb\u00e9m significa reduzir as disparidades salariais de g\u00eanero para as mulheres, dando-lhes acesso \u00e0 educa\u00e7\u00e3o, um local de trabalho seguro e promo\u00e7\u00e3o a empregos mais bem remunerados.<\/li>\r\n<li><strong>Sensibiliza\u00e7\u00e3o: Trabalhamos com <\/strong>outras organiza\u00e7\u00f5es para destacar a necessidade de mais a\u00e7\u00f5es, especialmente <strong>governos, para que regulem sal\u00e1rios mais justos para os trabalhadores em suas pr\u00f3prias leis.<\/strong><\/li>\r\n<\/ol>\r\n\r\n\r\n\r\n<p>&nbsp;<\/p>\r\n\r\n\r\n\r\n<p><strong>Caixa de Cacau da Costa do Marfim<\/strong><\/p>\r\n\r\n\r\n\r\n<p>Uma compara\u00e7\u00e3o da renda familiar dos produtores de cacau certificados Fairtrade na Costa do Marfim nos \u00faltimos quatro anos mostrou um aumento na renda e uma menor incid\u00eancia de pobreza extrema.<\/p>\r\n\r\n\r\n\r\n<p><a href=\"https:\/\/files.fairtrade.net\/publications\/Fairtrade-CDI-cocoa-household-income-study-July-2021.pdf\">A pesquisa, recentemente publicada pela Fairtrade e dispon\u00edvel aqui,<\/a> descobriram que a renda familiar m\u00e9dia anual dos produtores de cacau certificados Fairtrade na Costa do Marfim aumentou de $ 2.670 USD em 2016\/17 para $ 4.937 USD em 2020\/21, um aumento de 85%. Como consequ\u00eancia, um n\u00famero significativo de produtores de cacau na Costa do Marfim saiu da pobreza extrema, com 61% de fam\u00edlias de agricultores no estudo atual vivendo acima da linha de pobreza extrema, em compara\u00e7\u00e3o com 42% com base em dados coletados em 2016.\u00a0<\/p>\r\n\r\n\r\n\r\n<p>Mas ainda temos muito o que fazer, pois 39% deles ainda vivem em extrema pobreza.<\/p>\r\n\r\n\r\n\r\n<p>Escolha chocolate certificado com o selo Fairtrade e voc\u00ea estar\u00e1 ajudando milhares de produtores que cultivam o cacau que voc\u00ea tanto gosta a sair dessa situa\u00e7\u00e3o.\u00a0\u00a0<\/p>\r\n\r\n\r\n\r\n<figure class=\"wp-block-image\"><img decoding=\"async\" src=\"https:\/\/lh3.googleusercontent.com\/FzOhK99pFPTKm1YpTBuHtxriWzgMaP3lJgTKF8UyucJ0TMKMb6VusmGhUqXRXjMNQIPvgWt11fSaItVrsBhsUihNxL3eAQqcs8Co0_OsmnMTzEgUklw8AbRLe4mZki7gEMT6yrYO\" alt=\"\" \/><\/figure>\r\n\r\n\r\n\r\n<p><strong>\u2192 Trabalho For\u00e7ado<\/strong><\/p>\r\n\r\n\r\n\r\n<p><strong>A escravid\u00e3o foi supostamente abolida anos atr\u00e1s. <\/strong>No entanto, hoje milh\u00f5es de pessoas em todo o mundo s\u00e3o exploradas para trabalhar contra sua vontade. <strong>O Fairtrade trabalha para resolver essa pr\u00e1tica inaceit\u00e1vel.<\/strong><\/p>\r\n\r\n\r\n\r\n<figure class=\"wp-block-image\"><img decoding=\"async\" src=\"https:\/\/lh3.googleusercontent.com\/Cd3eknZOY48C0DJxTNJfdXOZv_LnEQ_aFuuICh0iltGKa1v7VSXGjMHDVnkMlGqTOrB4PKBIQu_TeN327nmr3EP7WEf9XD9GWLeL5bRdeXPZd885BHmfM1pVIwG5cncZX-hvVEbA\" alt=\"\" \/><\/figure>\r\n\r\n\r\n\r\n<p><strong>Estima-se que 40,3 milh\u00f5es de pessoas estejam em escravid\u00e3o moderna<\/strong>, dos quais 24,9 milh\u00f5es est\u00e3o em trabalho for\u00e7ado e 15,4 milh\u00f5es est\u00e3o em casamento for\u00e7ado. Mulheres e meninas est\u00e3o mais expostas do que homens ou meninos. Migrantes e grupos vulner\u00e1veis tamb\u00e9m s\u00e3o frequentemente visados. A grande maioria \u00e9 explorada por indiv\u00edduos ou empresas, muitos deles na agricultura ou na constru\u00e7\u00e3o civil.\u00a0<\/p>\r\n\r\n\r\n\r\n<p><strong>A pobreza \u00e9 uma das principais causas do trabalho for\u00e7ado,<\/strong> bem como a falta de m\u00e3o de obra nos setores agr\u00edcolas, oportunidades de trabalho decente e discrimina\u00e7\u00e3o. Muitas vezes est\u00e1 bem escondido e, em alguns pa\u00edses, est\u00e1 entrincheirado ap\u00f3s anos de explora\u00e7\u00e3o.<\/p>\r\n\r\n\r\n\r\n<p><strong>Como o Fairtrade aborda o trabalho for\u00e7ado<\/strong><\/p>\r\n\r\n\r\n\r\n<p><strong>A Fairtrade considera que o trabalho for\u00e7ado e qualquer forma de explora\u00e7\u00e3o e abuso s\u00e3o totalmente inaceit\u00e1veis. <\/strong>Escolhemos nos envolver em \u00e1reas com risco conhecido de trabalho for\u00e7ado porque acreditamos que \u00e9 onde o Fairtrade \u00e9 mais necess\u00e1rio.<\/p>\r\n\r\n\r\n\r\n<p><strong>A Fairtrade est\u00e1 empenhada em combater as causas profundas dos abusos laborais e prevenir a explora\u00e7\u00e3o de pessoas vulner\u00e1veis<\/strong>. Os Padr\u00f5es Fairtrade t\u00eam requisitos m\u00ednimos de entrada com base nas conven\u00e7\u00f5es da OIT sobre trabalho for\u00e7ado, bem como no protocolo da ONU para prevenir o tr\u00e1fico de pessoas. Al\u00e9m disso, se o trabalho for\u00e7ado for end\u00eamico em um setor ou regi\u00e3o, as organiza\u00e7\u00f5es de produtores s\u00e3o incentivadas a desenvolver uma pol\u00edtica escrita e um sistema de controle para evit\u00e1-lo.\u00a0<\/p>\r\n\r\n\r\n\r\n<p><strong>Temos uma Pol\u00edtica e Procedimentos de Prote\u00e7\u00e3o para Crian\u00e7as e Adultos Vulner\u00e1veis <\/strong>que exige resposta e a\u00e7\u00e3o para garantir sua prote\u00e7\u00e3o. Se for detectado ou suspeito de trabalho for\u00e7ado nas cadeias de fornecimento da Fairtrade, agimos imediatamente para trat\u00e1-lo e acompanhar as autoridades competentes.<\/p>\r\n\r\n\r\n\r\n<p>Os Padr\u00f5es por si s\u00f3 n\u00e3o s\u00e3o suficientes para abordar a pr\u00e1tica muitas vezes ilegal e oculta do trabalho for\u00e7ado e \u00e9 por isso que <strong>A Fairtrade tamb\u00e9m atua nas seguintes \u00e1reas:<\/strong><\/p>\r\n\r\n\r\n\r\n<ul class=\"wp-block-list\">\r\n<li><strong>aumentar nosso conhecimento<\/strong> dos padr\u00f5es de tr\u00e1fego em \u00e1reas de risco conhecido e apoiar os produtores na implementa\u00e7\u00e3o de medidas preventivas.<\/li>\r\n<li><strong>Formar<\/strong> produtores, trabalhadores e gestores <strong>em termos de direitos humanos.<\/strong><\/li>\r\n<li><strong>Apoiar <\/strong>\u00e0s comunidades produtoras do Fairtrade para estabelecer um sistema de monitoramento e corre\u00e7\u00e3o de trabalho infantil e for\u00e7ado que inclua jovens.<\/li>\r\n<li><strong>Trabalhar com governos, ONGs e organiza\u00e7\u00f5es de direitos humanos<\/strong> para aprender sobre nossa abordagem e aumentar nosso impacto na promo\u00e7\u00e3o e prote\u00e7\u00e3o dos direitos humanos.<\/li>\r\n<li><strong>Colocar as empresas em contato com os produtores para que invistam diretamente <\/strong>na luta contra o trabalho for\u00e7ado nas comunidades das quais compram produtos Comercio Justo com certifica\u00e7\u00e3o Fairtrade.\u00a0<\/li>\r\n<\/ul>\r\n\r\n\r\n\r\n<p>A escravid\u00e3o moderna continua sendo uma grande viola\u00e7\u00e3o dos direitos humanos, ainda hoje. A pobreza e a discrimina\u00e7\u00e3o s\u00e3o as principais causas dessa explora\u00e7\u00e3o.<\/p>\r\n\r\n\r\n\r\n<p><strong>Ao escolher produtos certificados com o selo Comercio Justo Fairtrade, voc\u00ea est\u00e1 ajudando os agricultores a obter melhores rendimentos e a acabar com os abusos dos direitos humanos.<\/strong><\/p>","protected":false},"excerpt":{"rendered":"<p>&nbsp; Os trabalhadores agr\u00edcolas est\u00e3o entre as pessoas mais vulner\u00e1veis no com\u00e9rcio global. Sem acesso \u00e0 terra ou incapazes de ganhar a vida com ela, os trabalhadores agr\u00edcolas t\u00eam muitas vezes poucas op\u00e7\u00f5es para ganhar uma vida sustent\u00e1vel. Esses trabalhadores geralmente carecem de carteira assinada, liberdade de associa\u00e7\u00e3o, garantias [\u2026]<\/p>","protected":false},"author":1,"featured_media":2339,"comment_status":"open","ping_status":"open","sticky":false,"template":"","format":"standard","meta":{"_acf_changed":false,"_ef_editorial_meta_date_first-draft-date":"","_ef_editorial_meta_paragraph_assignment":"","_ef_editorial_meta_checkbox_needs-photo":"","_ef_editorial_meta_number_word-count":"","footnotes":""},"categories":[162,148,150,155,149,151,156,166,167,161,1],"tags":[],"class_list":["post-2461","post","type-post","status-publish","format-standard","has-post-thumbnail","hentry","category-cacao","category-comercio-justo","category-derechos-de-los-trabajadores","category-igualdad-de-genero","category-infancia","category-ingresos-dignos","category-ods","category-precio-minimo","category-prima-fairtrade","category-productos","category-uncategorized"],"acf":[],"yoast_head":"<!-- This site is optimized with the Yoast SEO plugin v27.5 - https:\/\/yoast.com\/product\/yoast-seo-wordpress\/ -->\n<title>Fairtrade. Los derechos de los trabajadores. | Fairtrade<\/title>\n<meta name=\"description\" content=\"Fairtrade. Los derechos de los trabajadores.\" \/>\n<meta name=\"robots\" content=\"index, follow, max-snippet:-1, max-image-preview:large, max-video-preview:-1\" \/>\n<link rel=\"canonical\" href=\"https:\/\/www.fairtrade.es\/pt\/direitos-dos-trabalhadores-do-comercio-justo\/\" \/>\n<meta property=\"og:locale\" content=\"pt_PT\" \/>\n<meta property=\"og:type\" content=\"article\" \/>\n<meta property=\"og:title\" content=\"Fairtrade. Los derechos de los trabajadores. | Fairtrade\" \/>\n<meta property=\"og:description\" content=\"Fairtrade. Los derechos de los trabajadores.\" \/>\n<meta property=\"og:url\" content=\"https:\/\/www.fairtrade.es\/pt\/direitos-dos-trabalhadores-do-comercio-justo\/\" \/>\n<meta property=\"og:site_name\" content=\"Fairtrade\" \/>\n<meta property=\"article:publisher\" content=\"https:\/\/www.facebook.com\/fairtradeiberica\" \/>\n<meta property=\"article:published_time\" content=\"2022-04-20T15:23:04+00:00\" \/>\n<meta property=\"article:modified_time\" content=\"2023-12-27T12:11:12+00:00\" \/>\n<meta property=\"og:image\" content=\"https:\/\/www.fairtrade.es\/wp-content\/uploads\/2022\/04\/image-108-1.jpg\" \/>\n\t<meta property=\"og:image:width\" content=\"575\" \/>\n\t<meta property=\"og:image:height\" content=\"384\" \/>\n\t<meta property=\"og:image:type\" content=\"image\/jpeg\" \/>\n<meta name=\"author\" content=\"senda\" \/>\n<meta name=\"twitter:card\" content=\"summary_large_image\" \/>\n<meta name=\"twitter:creator\" content=\"@fairtradeES\" \/>\n<meta name=\"twitter:site\" content=\"@fairtradeES\" \/>\n<meta name=\"twitter:label1\" content=\"Escrito por\" \/>\n\t<meta name=\"twitter:data1\" content=\"senda\" \/>\n\t<meta name=\"twitter:label2\" content=\"Tempo estimado de leitura\" \/>\n\t<meta name=\"twitter:data2\" content=\"11 minutos\" \/>\n<script type=\"application\/ld+json\" class=\"yoast-schema-graph\">{\"@context\":\"https:\\\/\\\/schema.org\",\"@graph\":[{\"@type\":\"Article\",\"@id\":\"https:\\\/\\\/www.fairtrade.es\\\/fairtrade-los-derechos-de-los-trabajadores\\\/#article\",\"isPartOf\":{\"@id\":\"https:\\\/\\\/www.fairtrade.es\\\/fairtrade-los-derechos-de-los-trabajadores\\\/\"},\"author\":{\"name\":\"senda\",\"@id\":\"https:\\\/\\\/www.fairtrade.es\\\/#\\\/schema\\\/person\\\/2a8f05ec3db305005bb877b1b1fbb144\"},\"headline\":\"Fairtrade. Los derechos de los trabajadores.\",\"datePublished\":\"2022-04-20T15:23:04+00:00\",\"dateModified\":\"2023-12-27T12:11:12+00:00\",\"mainEntityOfPage\":{\"@id\":\"https:\\\/\\\/www.fairtrade.es\\\/fairtrade-los-derechos-de-los-trabajadores\\\/\"},\"wordCount\":2238,\"commentCount\":0,\"publisher\":{\"@id\":\"https:\\\/\\\/www.fairtrade.es\\\/#organization\"},\"image\":{\"@id\":\"https:\\\/\\\/www.fairtrade.es\\\/fairtrade-los-derechos-de-los-trabajadores\\\/#primaryimage\"},\"thumbnailUrl\":\"https:\\\/\\\/www.fairtrade.es\\\/wp-content\\\/uploads\\\/2022\\\/04\\\/image-108-1.jpg\",\"articleSection\":[\"Cacao\",\"Comercio Justo\",\"Derechos de los trabajadores\",\"Igualdad de G\u00e9nero\",\"Infancia\",\"Ingresos Dignos\",\"ODS\",\"Precio M\u00ednimo\",\"Prima Fairtrade\",\"Productos\",\"Uncategorized\"],\"inLanguage\":\"pt-PT\",\"potentialAction\":[{\"@type\":\"CommentAction\",\"name\":\"Comment\",\"target\":[\"https:\\\/\\\/www.fairtrade.es\\\/fairtrade-los-derechos-de-los-trabajadores\\\/#respond\"]}]},{\"@type\":\"WebPage\",\"@id\":\"https:\\\/\\\/www.fairtrade.es\\\/fairtrade-los-derechos-de-los-trabajadores\\\/\",\"url\":\"https:\\\/\\\/www.fairtrade.es\\\/fairtrade-los-derechos-de-los-trabajadores\\\/\",\"name\":\"Fairtrade. Los derechos de los trabajadores. | Fairtrade\",\"isPartOf\":{\"@id\":\"https:\\\/\\\/www.fairtrade.es\\\/#website\"},\"primaryImageOfPage\":{\"@id\":\"https:\\\/\\\/www.fairtrade.es\\\/fairtrade-los-derechos-de-los-trabajadores\\\/#primaryimage\"},\"image\":{\"@id\":\"https:\\\/\\\/www.fairtrade.es\\\/fairtrade-los-derechos-de-los-trabajadores\\\/#primaryimage\"},\"thumbnailUrl\":\"https:\\\/\\\/www.fairtrade.es\\\/wp-content\\\/uploads\\\/2022\\\/04\\\/image-108-1.jpg\",\"datePublished\":\"2022-04-20T15:23:04+00:00\",\"dateModified\":\"2023-12-27T12:11:12+00:00\",\"description\":\"Fairtrade. Los derechos de los trabajadores.\",\"breadcrumb\":{\"@id\":\"https:\\\/\\\/www.fairtrade.es\\\/fairtrade-los-derechos-de-los-trabajadores\\\/#breadcrumb\"},\"inLanguage\":\"pt-PT\",\"potentialAction\":[{\"@type\":\"ReadAction\",\"target\":[\"https:\\\/\\\/www.fairtrade.es\\\/fairtrade-los-derechos-de-los-trabajadores\\\/\"]}]},{\"@type\":\"ImageObject\",\"inLanguage\":\"pt-PT\",\"@id\":\"https:\\\/\\\/www.fairtrade.es\\\/fairtrade-los-derechos-de-los-trabajadores\\\/#primaryimage\",\"url\":\"https:\\\/\\\/www.fairtrade.es\\\/wp-content\\\/uploads\\\/2022\\\/04\\\/image-108-1.jpg\",\"contentUrl\":\"https:\\\/\\\/www.fairtrade.es\\\/wp-content\\\/uploads\\\/2022\\\/04\\\/image-108-1.jpg\",\"width\":575,\"height\":384},{\"@type\":\"BreadcrumbList\",\"@id\":\"https:\\\/\\\/www.fairtrade.es\\\/fairtrade-los-derechos-de-los-trabajadores\\\/#breadcrumb\",\"itemListElement\":[{\"@type\":\"ListItem\",\"position\":1,\"name\":\"Portada\",\"item\":\"https:\\\/\\\/www.fairtrade.es\\\/\"},{\"@type\":\"ListItem\",\"position\":2,\"name\":\"Fairtrade. Los derechos de los trabajadores.\"}]},{\"@type\":\"WebSite\",\"@id\":\"https:\\\/\\\/www.fairtrade.es\\\/#website\",\"url\":\"https:\\\/\\\/www.fairtrade.es\\\/\",\"name\":\"Fairtrade\",\"description\":\"Sello l\u00edder de comercio justo\",\"publisher\":{\"@id\":\"https:\\\/\\\/www.fairtrade.es\\\/#organization\"},\"potentialAction\":[{\"@type\":\"SearchAction\",\"target\":{\"@type\":\"EntryPoint\",\"urlTemplate\":\"https:\\\/\\\/www.fairtrade.es\\\/?s={search_term_string}\"},\"query-input\":{\"@type\":\"PropertyValueSpecification\",\"valueRequired\":true,\"valueName\":\"search_term_string\"}}],\"inLanguage\":\"pt-PT\"},{\"@type\":\"Organization\",\"@id\":\"https:\\\/\\\/www.fairtrade.es\\\/#organization\",\"name\":\"Fairtrade Ib\u00e9rica\",\"url\":\"https:\\\/\\\/www.fairtrade.es\\\/\",\"logo\":{\"@type\":\"ImageObject\",\"inLanguage\":\"pt-PT\",\"@id\":\"https:\\\/\\\/www.fairtrade.es\\\/#\\\/schema\\\/logo\\\/image\\\/\",\"url\":\"https:\\\/\\\/www.fairtrade.es\\\/wp-content\\\/uploads\\\/2022\\\/03\\\/Fairtrade-iberica-logo.png\",\"contentUrl\":\"https:\\\/\\\/www.fairtrade.es\\\/wp-content\\\/uploads\\\/2022\\\/03\\\/Fairtrade-iberica-logo.png\",\"width\":340,\"height\":407,\"caption\":\"Fairtrade Ib\u00e9rica\"},\"image\":{\"@id\":\"https:\\\/\\\/www.fairtrade.es\\\/#\\\/schema\\\/logo\\\/image\\\/\"},\"sameAs\":[\"https:\\\/\\\/www.facebook.com\\\/fairtradeiberica\",\"https:\\\/\\\/x.com\\\/fairtradeES\",\"https:\\\/\\\/www.instagram.com\\\/fairtradeiberica\\\/\",\"https:\\\/\\\/www.linkedin.com\\\/company\\\/fairtrade-iberica\",\"https:\\\/\\\/www.youtube.com\\\/user\\\/sellofairtrade\"]},{\"@type\":\"Person\",\"@id\":\"https:\\\/\\\/www.fairtrade.es\\\/#\\\/schema\\\/person\\\/2a8f05ec3db305005bb877b1b1fbb144\",\"name\":\"senda\",\"image\":{\"@type\":\"ImageObject\",\"inLanguage\":\"pt-PT\",\"@id\":\"https:\\\/\\\/secure.gravatar.com\\\/avatar\\\/2ad25152d66ab68f233ff1e771f5f5b61808045f5b306f63250027046f2b84c4?s=96&d=mm&r=g\",\"url\":\"https:\\\/\\\/secure.gravatar.com\\\/avatar\\\/2ad25152d66ab68f233ff1e771f5f5b61808045f5b306f63250027046f2b84c4?s=96&d=mm&r=g\",\"contentUrl\":\"https:\\\/\\\/secure.gravatar.com\\\/avatar\\\/2ad25152d66ab68f233ff1e771f5f5b61808045f5b306f63250027046f2b84c4?s=96&d=mm&r=g\",\"caption\":\"senda\"},\"sameAs\":[\"http:\\\/\\\/localhost:8888\\\/fairtade\"]}]}<\/script>\n<!-- \/ Yoast SEO plugin. -->","yoast_head_json":{"title":"Fairtrade. Los derechos de los trabajadores. | Fairtrade","description":"Fairtrade. Los derechos de los trabajadores.","robots":{"index":"index","follow":"follow","max-snippet":"max-snippet:-1","max-image-preview":"max-image-preview:large","max-video-preview":"max-video-preview:-1"},"canonical":"https:\/\/www.fairtrade.es\/pt\/direitos-dos-trabalhadores-do-comercio-justo\/","og_locale":"pt_PT","og_type":"article","og_title":"Fairtrade. Los derechos de los trabajadores. | Fairtrade","og_description":"Fairtrade. Los derechos de los trabajadores.","og_url":"https:\/\/www.fairtrade.es\/pt\/direitos-dos-trabalhadores-do-comercio-justo\/","og_site_name":"Fairtrade","article_publisher":"https:\/\/www.facebook.com\/fairtradeiberica","article_published_time":"2022-04-20T15:23:04+00:00","article_modified_time":"2023-12-27T12:11:12+00:00","og_image":[{"width":575,"height":384,"url":"https:\/\/www.fairtrade.es\/wp-content\/uploads\/2022\/04\/image-108-1.jpg","type":"image\/jpeg"}],"author":"senda","twitter_card":"summary_large_image","twitter_creator":"@fairtradeES","twitter_site":"@fairtradeES","twitter_misc":{"Escrito por":"senda","Tempo estimado de leitura":"11 minutos"},"schema":{"@context":"https:\/\/schema.org","@graph":[{"@type":"Article","@id":"https:\/\/www.fairtrade.es\/fairtrade-los-derechos-de-los-trabajadores\/#article","isPartOf":{"@id":"https:\/\/www.fairtrade.es\/fairtrade-los-derechos-de-los-trabajadores\/"},"author":{"name":"senda","@id":"https:\/\/www.fairtrade.es\/#\/schema\/person\/2a8f05ec3db305005bb877b1b1fbb144"},"headline":"Fairtrade. Los derechos de los trabajadores.","datePublished":"2022-04-20T15:23:04+00:00","dateModified":"2023-12-27T12:11:12+00:00","mainEntityOfPage":{"@id":"https:\/\/www.fairtrade.es\/fairtrade-los-derechos-de-los-trabajadores\/"},"wordCount":2238,"commentCount":0,"publisher":{"@id":"https:\/\/www.fairtrade.es\/#organization"},"image":{"@id":"https:\/\/www.fairtrade.es\/fairtrade-los-derechos-de-los-trabajadores\/#primaryimage"},"thumbnailUrl":"https:\/\/www.fairtrade.es\/wp-content\/uploads\/2022\/04\/image-108-1.jpg","articleSection":["Cacao","Comercio Justo","Derechos de los trabajadores","Igualdad de G\u00e9nero","Infancia","Ingresos Dignos","ODS","Precio M\u00ednimo","Prima Fairtrade","Productos","Uncategorized"],"inLanguage":"pt-PT","potentialAction":[{"@type":"CommentAction","name":"Comment","target":["https:\/\/www.fairtrade.es\/fairtrade-los-derechos-de-los-trabajadores\/#respond"]}]},{"@type":"WebPage","@id":"https:\/\/www.fairtrade.es\/fairtrade-los-derechos-de-los-trabajadores\/","url":"https:\/\/www.fairtrade.es\/fairtrade-los-derechos-de-los-trabajadores\/","name":"Fairtrade. Los derechos de los trabajadores. | Fairtrade","isPartOf":{"@id":"https:\/\/www.fairtrade.es\/#website"},"primaryImageOfPage":{"@id":"https:\/\/www.fairtrade.es\/fairtrade-los-derechos-de-los-trabajadores\/#primaryimage"},"image":{"@id":"https:\/\/www.fairtrade.es\/fairtrade-los-derechos-de-los-trabajadores\/#primaryimage"},"thumbnailUrl":"https:\/\/www.fairtrade.es\/wp-content\/uploads\/2022\/04\/image-108-1.jpg","datePublished":"2022-04-20T15:23:04+00:00","dateModified":"2023-12-27T12:11:12+00:00","description":"Fairtrade. Los derechos de los trabajadores.","breadcrumb":{"@id":"https:\/\/www.fairtrade.es\/fairtrade-los-derechos-de-los-trabajadores\/#breadcrumb"},"inLanguage":"pt-PT","potentialAction":[{"@type":"ReadAction","target":["https:\/\/www.fairtrade.es\/fairtrade-los-derechos-de-los-trabajadores\/"]}]},{"@type":"ImageObject","inLanguage":"pt-PT","@id":"https:\/\/www.fairtrade.es\/fairtrade-los-derechos-de-los-trabajadores\/#primaryimage","url":"https:\/\/www.fairtrade.es\/wp-content\/uploads\/2022\/04\/image-108-1.jpg","contentUrl":"https:\/\/www.fairtrade.es\/wp-content\/uploads\/2022\/04\/image-108-1.jpg","width":575,"height":384},{"@type":"BreadcrumbList","@id":"https:\/\/www.fairtrade.es\/fairtrade-los-derechos-de-los-trabajadores\/#breadcrumb","itemListElement":[{"@type":"ListItem","position":1,"name":"Portada","item":"https:\/\/www.fairtrade.es\/"},{"@type":"ListItem","position":2,"name":"Fairtrade. Los derechos de los trabajadores."}]},{"@type":"WebSite","@id":"https:\/\/www.fairtrade.es\/#website","url":"https:\/\/www.fairtrade.es\/","name":"Fairtrade","description":"Sello l\u00edder de comercio justo","publisher":{"@id":"https:\/\/www.fairtrade.es\/#organization"},"potentialAction":[{"@type":"SearchAction","target":{"@type":"EntryPoint","urlTemplate":"https:\/\/www.fairtrade.es\/?s={search_term_string}"},"query-input":{"@type":"PropertyValueSpecification","valueRequired":true,"valueName":"search_term_string"}}],"inLanguage":"pt-PT"},{"@type":"Organization","@id":"https:\/\/www.fairtrade.es\/#organization","name":"Fairtrade Ib\u00e9rica","url":"https:\/\/www.fairtrade.es\/","logo":{"@type":"ImageObject","inLanguage":"pt-PT","@id":"https:\/\/www.fairtrade.es\/#\/schema\/logo\/image\/","url":"https:\/\/www.fairtrade.es\/wp-content\/uploads\/2022\/03\/Fairtrade-iberica-logo.png","contentUrl":"https:\/\/www.fairtrade.es\/wp-content\/uploads\/2022\/03\/Fairtrade-iberica-logo.png","width":340,"height":407,"caption":"Fairtrade Ib\u00e9rica"},"image":{"@id":"https:\/\/www.fairtrade.es\/#\/schema\/logo\/image\/"},"sameAs":["https:\/\/www.facebook.com\/fairtradeiberica","https:\/\/x.com\/fairtradeES","https:\/\/www.instagram.com\/fairtradeiberica\/","https:\/\/www.linkedin.com\/company\/fairtrade-iberica","https:\/\/www.youtube.com\/user\/sellofairtrade"]},{"@type":"Person","@id":"https:\/\/www.fairtrade.es\/#\/schema\/person\/2a8f05ec3db305005bb877b1b1fbb144","name":"senda","image":{"@type":"ImageObject","inLanguage":"pt-PT","@id":"https:\/\/secure.gravatar.com\/avatar\/2ad25152d66ab68f233ff1e771f5f5b61808045f5b306f63250027046f2b84c4?s=96&d=mm&r=g","url":"https:\/\/secure.gravatar.com\/avatar\/2ad25152d66ab68f233ff1e771f5f5b61808045f5b306f63250027046f2b84c4?s=96&d=mm&r=g","contentUrl":"https:\/\/secure.gravatar.com\/avatar\/2ad25152d66ab68f233ff1e771f5f5b61808045f5b306f63250027046f2b84c4?s=96&d=mm&r=g","caption":"senda"},"sameAs":["http:\/\/localhost:8888\/fairtade"]}]}},"_links":{"self":[{"href":"https:\/\/www.fairtrade.es\/pt\/wp-json\/wp\/v2\/posts\/2461","targetHints":{"allow":["GET"]}}],"collection":[{"href":"https:\/\/www.fairtrade.es\/pt\/wp-json\/wp\/v2\/posts"}],"about":[{"href":"https:\/\/www.fairtrade.es\/pt\/wp-json\/wp\/v2\/types\/post"}],"author":[{"embeddable":true,"href":"https:\/\/www.fairtrade.es\/pt\/wp-json\/wp\/v2\/users\/1"}],"replies":[{"embeddable":true,"href":"https:\/\/www.fairtrade.es\/pt\/wp-json\/wp\/v2\/comments?post=2461"}],"version-history":[{"count":7,"href":"https:\/\/www.fairtrade.es\/pt\/wp-json\/wp\/v2\/posts\/2461\/revisions"}],"predecessor-version":[{"id":4863,"href":"https:\/\/www.fairtrade.es\/pt\/wp-json\/wp\/v2\/posts\/2461\/revisions\/4863"}],"wp:featuredmedia":[{"embeddable":true,"href":"https:\/\/www.fairtrade.es\/pt\/wp-json\/wp\/v2\/media\/2339"}],"wp:attachment":[{"href":"https:\/\/www.fairtrade.es\/pt\/wp-json\/wp\/v2\/media?parent=2461"}],"wp:term":[{"taxonomy":"category","embeddable":true,"href":"https:\/\/www.fairtrade.es\/pt\/wp-json\/wp\/v2\/categories?post=2461"},{"taxonomy":"post_tag","embeddable":true,"href":"https:\/\/www.fairtrade.es\/pt\/wp-json\/wp\/v2\/tags?post=2461"}],"curies":[{"name":"wp","href":"https:\/\/api.w.org\/{rel}","templated":true}]}}