{"id":2543,"date":"2022-05-10T06:42:48","date_gmt":"2022-05-10T06:42:48","guid":{"rendered":"https:\/\/www.fairtrade.es\/?p=2543"},"modified":"2023-12-27T14:01:20","modified_gmt":"2023-12-27T12:01:20","slug":"banana-certificada-fairtrade","status":"publish","type":"post","link":"https:\/\/www.fairtrade.es\/pt\/banana-com-certificacao-de-comercio-justo\/","title":{"rendered":"Banana certificada Fairtrade"},"content":{"rendered":"<p>A banana \u00e9 uma das frutas mais consumidas no mundo, e muitas pessoas n\u00e3o conseguem imaginar uma manh\u00e3 (ou uma sess\u00e3o de exerc\u00edcios matinais) sem ela. A banana tamb\u00e9m \u00e9 um alimento essencial para milh\u00f5es de pessoas, bem como um importante produto de exporta\u00e7\u00e3o que constitui a base da economia de muitos pa\u00edses.<\/p>\r\n\r\n\r\n\r\n<figure class=\"wp-block-image size-full\"><img loading=\"lazy\" decoding=\"async\" width=\"900\" height=\"600\" class=\"wp-image-2545\" src=\"https:\/\/www.fairtrade.es\/wp-content\/uploads\/2022\/05\/banana-certificada-fairtrade.jpg\" alt=\"\" srcset=\"https:\/\/www.fairtrade.es\/wp-content\/uploads\/2022\/05\/banana-certificada-fairtrade.jpg 900w, https:\/\/www.fairtrade.es\/wp-content\/uploads\/2022\/05\/banana-certificada-fairtrade-300x200.jpg 300w, https:\/\/www.fairtrade.es\/wp-content\/uploads\/2022\/05\/banana-certificada-fairtrade-768x512.jpg 768w\" sizes=\"auto, (max-width: 900px) 100vw, 900px\" \/><\/figure>\r\n\r\n\r\n\r\n<p>As bananas s\u00e3o cultivadas tanto em pequenas fazendas quanto em grandes planta\u00e7\u00f5es. Seu mercado \u00e9 altamente competitivo e pressiona o pre\u00e7o que \u00e9 repassado aos produtores dessa fruta.<\/p>\r\n\r\n\r\n\r\n<p><strong><strong><strong><strong>Escolher bananas certificadas Fairtrade faz a diferen\u00e7a<\/strong><\/strong><\/strong><\/strong>.<\/p>\r\n\r\n\r\n\r\n<p>A ind\u00fastria da banana \u00e9 exigente e intensiva em m\u00e3o-de-obra. As mudan\u00e7as clim\u00e1ticas e as doen\u00e7as das plantas amea\u00e7am os rendimentos, enquanto as grandes multinacionais exercem influ\u00eancia significativa em um setor que precisa de infraestrutura consider\u00e1vel para colher e transportar frutas de matura\u00e7\u00e3o r\u00e1pida. Para atrair clientes, os varejistas costumam oferecer grandes descontos nas bananas, \u00e0s vezes vendendo-as abaixo do custo de produ\u00e7\u00e3o. Todos esses fatores colocam os produtores de banana em um beco sem sa\u00edda.<\/p>\r\n\r\n\r\n\r\n<p>Fairtrade procura capacitar produtores e trabalhadores de banana; Por sua vez, os consumidores que compram bananas certificadas Fairtrade desempenham um papel fundamental: quanto maiores as vendas, maiores os lucros para os produtores.<\/p>\r\n\r\n\r\n\r\n<ul class=\"wp-block-list\">\r\n<li>Os produtores de banana Fairtrade recebem um Pre\u00e7o M\u00ednimo Fairtrade, que funciona como uma rede de seguran\u00e7a contra a queda dos pre\u00e7os. O pre\u00e7o varia de acordo com a regi\u00e3o, levando em considera\u00e7\u00e3o as condi\u00e7\u00f5es locais e o objetivo de cobrir os custos m\u00e9dios de produ\u00e7\u00e3o sustent\u00e1vel.<\/li>\r\n<\/ul>\r\n\r\n\r\n\r\n<ul class=\"wp-block-list\">\r\n<li>Trabalhadores de planta\u00e7\u00f5es e pequenos produtores de banana tamb\u00e9m recebem um Pr\u00eamio Fairtrade, que \u00e9 uma quantia extra de dinheiro para produtores e trabalhadores investirem nos neg\u00f3cios ou projetos comunit\u00e1rios de sua escolha. Os trabalhadores da banana muitas vezes usaram o Pr\u00eamio para melhorar suas casas, construir escolas, cl\u00ednicas e outros benef\u00edcios que julgaram necess\u00e1rios.<\/li>\r\n<\/ul>\r\n\r\n\r\n\r\n<ul class=\"wp-block-list\">\r\n<li>Os Padr\u00f5es Fairtrade visam melhorar as condi\u00e7\u00f5es de emprego e proteger os direitos dos trabalhadores nas grandes planta\u00e7\u00f5es onde a maioria das bananas de exporta\u00e7\u00e3o \u00e9 cultivada. Nos \u00faltimos anos, o Fairtrade foi pioneiro no trabalho para definir um sal\u00e1rio digno para os trabalhadores da banana e avan\u00e7ar para sua implementa\u00e7\u00e3o.<\/li>\r\n<\/ul>\r\n\r\n\r\n\r\n<ul class=\"wp-block-list\">\r\n<li>Para pequenas fazendas, o Fairtrade apoia esses produtores de banana para melhorar sua renda e posi\u00e7\u00e3o de barganha nas cadeias de suprimentos que geralmente s\u00e3o dominadas por entidades maiores.<\/li>\r\n<\/ul>\r\n\r\n\r\n\r\n<p>Do apoio \u00e0 representa\u00e7\u00e3o dos trabalhadores ao apoio aos agricultores na mitiga\u00e7\u00e3o dos efeitos das mudan\u00e7as clim\u00e1ticas, cada banana certificada Fairtrade que voc\u00ea compra contribui para melhorar a qualidade de vida dos trabalhadores e produtores por tr\u00e1s dessa fruta favorita.<\/p>\r\n\r\n\r\n\r\n<p><strong><strong><strong><strong><strong>166 milh\u00f5es de euros<\/strong><\/strong><\/strong><\/strong><\/strong><\/p>\r\n\r\n\r\n\r\n<p>\u00c9 o valor do Pr\u00eamio Fairtrade distribu\u00eddo entre todos os produtores de bananas certificadas Fairtrade nos \u00faltimos 5 anos.<\/p>\r\n\r\n\r\n\r\n<p>Em 2020, foram distribu\u00eddos 35,8 milh\u00f5es de euros para investir em servi\u00e7os para os trabalhadores e suas fam\u00edlias (77%), para investir nas suas comunidades (12%) e para investir na forma\u00e7\u00e3o (11%).<\/p>\r\n\r\n\r\n\r\n<p><strong><strong><strong><strong><strong>36.482 produtores certificados<\/strong><\/strong><\/strong><\/strong><\/strong><\/p>\r\n\r\n\r\n\r\n<p>Em Fairtrade temos produtores de banana certificados em nossas 3 Redes de Produtores, embora seja verdade que 80% deles v\u00eam da Rede da Am\u00e9rica Latina e Caribe, a maioria deles concentrados na Col\u00f4mbia, Peru e Rep\u00fablica Dominicana.<\/p>\r\n\r\n\r\n\r\n<p>Este n\u00famero de produtores tem registado um crescimento importante que ultrapassa 65% nos \u00faltimos 5 anos.<\/p>\r\n\r\n\r\n\r\n<p><strong><strong><strong><strong><strong>48.583 hectares certificados<\/strong><\/strong><\/strong><\/strong><\/strong><\/p>\r\n\r\n\r\n\r\n<p>Esse espa\u00e7o equivale ao que ocupariam 68,5 mil campos de futebol. Durante os \u00faltimos 5 anos vimos como este n\u00famero aumentou em 33%.<\/p>\r\n\r\n\r\n\r\n<p><strong><strong><strong><strong><strong>63% org\u00e2nico<\/strong><\/strong><\/strong><\/strong><\/strong><\/p>\r\n\r\n\r\n\r\n<p>Das bananas certificadas Fairtrade s\u00e3o org\u00e2nicas. Uma porcentagem que est\u00e1 ganhando peso ano ap\u00f3s ano. A banana, junto com o caf\u00e9, s\u00e3o os dois produtos em que a produ\u00e7\u00e3o org\u00e2nica mais pesa.<\/p>\r\n\r\n\r\n\r\n<p><strong>1 de 2<\/strong><\/p>\r\n\r\n\r\n\r\n<p>As bananas vendidas na Su\u00ed\u00e7a s\u00e3o certificadas Fairtrade. No Reino Unido, 1 em cada 3 bananas vendidas \u00e9 certificada Fairtrade.<\/p>\r\n\r\n\r\n\r\n<p><strong>1996<\/strong><\/p>\r\n\r\n\r\n\r\n<p>O ano em que as bananas certificadas Fairtrade chegaram pela primeira vez \u00e0s lojas europeias.<\/p>\r\n\r\n\r\n\r\n<p>Confira aqui o <a href=\"https:\/\/files.fairtrade.net\/standards\/Fresh_Fruit_SPO_SP.pdf\" target=\"_blank\" rel=\"noreferrer noopener\" data-type=\"URL\" data-id=\"https:\/\/files.fairtrade.net\/standards\/Fresh_Fruit_SPO_SP.pdf\">Padr\u00e3o Fairtrade para pequenos agricultores<\/a> da banana e<a href=\"https:\/\/files.fairtrade.net\/standards\/Fresh_Fruit_HL_SP.pdf\" target=\"_blank\" rel=\"noreferrer noopener\" data-type=\"URL\" data-id=\"https:\/\/files.fairtrade.net\/standards\/Fresh_Fruit_HL_SP.pdf\"> Padr\u00e3o Fairtrade para trabalho contratado<\/a>.<\/p>","protected":false},"excerpt":{"rendered":"<p>A banana \u00e9 uma das frutas mais consumidas no mundo, e muitas pessoas n\u00e3o conseguem imaginar uma manh\u00e3 (ou uma sess\u00e3o de exerc\u00edcios matinais) sem ela. As bananas tamb\u00e9m s\u00e3o um alimento essencial para milh\u00f5es de pessoas, bem como um importante produto de exporta\u00e7\u00e3o que constitui a pedra angular da [\u2026]<\/p>","protected":false},"author":2,"featured_media":2545,"comment_status":"closed","ping_status":"closed","sticky":false,"template":"","format":"standard","meta":{"_acf_changed":false,"_ef_editorial_meta_date_first-draft-date":"","_ef_editorial_meta_paragraph_assignment":"","_ef_editorial_meta_checkbox_needs-photo":"","_ef_editorial_meta_number_word-count":"","footnotes":""},"categories":[148,151,165,166,167,161,1],"tags":[],"class_list":["post-2543","post","type-post","status-publish","format-standard","has-post-thumbnail","hentry","category-comercio-justo","category-ingresos-dignos","category-otros-productos","category-precio-minimo","category-prima-fairtrade","category-productos","category-uncategorized"],"acf":[],"yoast_head":"<!-- This site is optimized with the Yoast SEO plugin v27.5 - https:\/\/yoast.com\/product\/yoast-seo-wordpress\/ -->\n<title>Banana certificada Fairtrade | Fairtrade<\/title>\n<meta name=\"description\" content=\"Banana certificada Fairtrade\" \/>\n<meta name=\"robots\" content=\"index, follow, max-snippet:-1, max-image-preview:large, max-video-preview:-1\" \/>\n<link rel=\"canonical\" href=\"https:\/\/www.fairtrade.es\/pt\/banana-com-certificacao-de-comercio-justo\/\" \/>\n<meta property=\"og:locale\" content=\"pt_PT\" \/>\n<meta property=\"og:type\" content=\"article\" \/>\n<meta property=\"og:title\" content=\"Banana certificada Fairtrade | Fairtrade\" \/>\n<meta property=\"og:description\" content=\"Banana certificada Fairtrade\" \/>\n<meta property=\"og:url\" content=\"https:\/\/www.fairtrade.es\/pt\/banana-com-certificacao-de-comercio-justo\/\" \/>\n<meta property=\"og:site_name\" content=\"Fairtrade\" \/>\n<meta property=\"article:publisher\" content=\"https:\/\/www.facebook.com\/fairtradeiberica\" \/>\n<meta property=\"article:published_time\" content=\"2022-05-10T06:42:48+00:00\" \/>\n<meta property=\"article:modified_time\" content=\"2023-12-27T12:01:20+00:00\" \/>\n<meta property=\"og:image\" content=\"https:\/\/www.fairtrade.es\/wp-content\/uploads\/2022\/05\/banana-certificada-fairtrade.jpg\" \/>\n\t<meta property=\"og:image:width\" content=\"900\" \/>\n\t<meta property=\"og:image:height\" content=\"600\" \/>\n\t<meta property=\"og:image:type\" content=\"image\/jpeg\" \/>\n<meta name=\"author\" content=\"domingo.marketing\" \/>\n<meta name=\"twitter:card\" content=\"summary_large_image\" \/>\n<meta name=\"twitter:creator\" content=\"@fairtradeES\" \/>\n<meta name=\"twitter:site\" content=\"@fairtradeES\" \/>\n<meta name=\"twitter:label1\" content=\"Escrito por\" \/>\n\t<meta name=\"twitter:data1\" content=\"domingo.marketing\" \/>\n\t<meta name=\"twitter:label2\" content=\"Tempo estimado de leitura\" \/>\n\t<meta name=\"twitter:data2\" content=\"4 minutos\" \/>\n<script type=\"application\/ld+json\" class=\"yoast-schema-graph\">{\"@context\":\"https:\\\/\\\/schema.org\",\"@graph\":[{\"@type\":\"Article\",\"@id\":\"https:\\\/\\\/www.fairtrade.es\\\/banana-certificada-fairtrade\\\/#article\",\"isPartOf\":{\"@id\":\"https:\\\/\\\/www.fairtrade.es\\\/banana-certificada-fairtrade\\\/\"},\"author\":{\"name\":\"domingo.marketing\",\"@id\":\"https:\\\/\\\/www.fairtrade.es\\\/#\\\/schema\\\/person\\\/52301a93f12b94e21df6c93e253792c9\"},\"headline\":\"Banana certificada Fairtrade\",\"datePublished\":\"2022-05-10T06:42:48+00:00\",\"dateModified\":\"2023-12-27T12:01:20+00:00\",\"mainEntityOfPage\":{\"@id\":\"https:\\\/\\\/www.fairtrade.es\\\/banana-certificada-fairtrade\\\/\"},\"wordCount\":758,\"publisher\":{\"@id\":\"https:\\\/\\\/www.fairtrade.es\\\/#organization\"},\"image\":{\"@id\":\"https:\\\/\\\/www.fairtrade.es\\\/banana-certificada-fairtrade\\\/#primaryimage\"},\"thumbnailUrl\":\"https:\\\/\\\/www.fairtrade.es\\\/wp-content\\\/uploads\\\/2022\\\/05\\\/banana-certificada-fairtrade.jpg\",\"articleSection\":[\"Comercio Justo\",\"Ingresos Dignos\",\"Otros productos\",\"Precio M\u00ednimo\",\"Prima Fairtrade\",\"Productos\",\"Uncategorized\"],\"inLanguage\":\"pt-PT\"},{\"@type\":\"WebPage\",\"@id\":\"https:\\\/\\\/www.fairtrade.es\\\/banana-certificada-fairtrade\\\/\",\"url\":\"https:\\\/\\\/www.fairtrade.es\\\/banana-certificada-fairtrade\\\/\",\"name\":\"Banana certificada Fairtrade | Fairtrade\",\"isPartOf\":{\"@id\":\"https:\\\/\\\/www.fairtrade.es\\\/#website\"},\"primaryImageOfPage\":{\"@id\":\"https:\\\/\\\/www.fairtrade.es\\\/banana-certificada-fairtrade\\\/#primaryimage\"},\"image\":{\"@id\":\"https:\\\/\\\/www.fairtrade.es\\\/banana-certificada-fairtrade\\\/#primaryimage\"},\"thumbnailUrl\":\"https:\\\/\\\/www.fairtrade.es\\\/wp-content\\\/uploads\\\/2022\\\/05\\\/banana-certificada-fairtrade.jpg\",\"datePublished\":\"2022-05-10T06:42:48+00:00\",\"dateModified\":\"2023-12-27T12:01:20+00:00\",\"description\":\"Banana certificada Fairtrade\",\"breadcrumb\":{\"@id\":\"https:\\\/\\\/www.fairtrade.es\\\/banana-certificada-fairtrade\\\/#breadcrumb\"},\"inLanguage\":\"pt-PT\",\"potentialAction\":[{\"@type\":\"ReadAction\",\"target\":[\"https:\\\/\\\/www.fairtrade.es\\\/banana-certificada-fairtrade\\\/\"]}]},{\"@type\":\"ImageObject\",\"inLanguage\":\"pt-PT\",\"@id\":\"https:\\\/\\\/www.fairtrade.es\\\/banana-certificada-fairtrade\\\/#primaryimage\",\"url\":\"https:\\\/\\\/www.fairtrade.es\\\/wp-content\\\/uploads\\\/2022\\\/05\\\/banana-certificada-fairtrade.jpg\",\"contentUrl\":\"https:\\\/\\\/www.fairtrade.es\\\/wp-content\\\/uploads\\\/2022\\\/05\\\/banana-certificada-fairtrade.jpg\",\"width\":900,\"height\":600},{\"@type\":\"BreadcrumbList\",\"@id\":\"https:\\\/\\\/www.fairtrade.es\\\/banana-certificada-fairtrade\\\/#breadcrumb\",\"itemListElement\":[{\"@type\":\"ListItem\",\"position\":1,\"name\":\"Portada\",\"item\":\"https:\\\/\\\/www.fairtrade.es\\\/\"},{\"@type\":\"ListItem\",\"position\":2,\"name\":\"Banana certificada Fairtrade\"}]},{\"@type\":\"WebSite\",\"@id\":\"https:\\\/\\\/www.fairtrade.es\\\/#website\",\"url\":\"https:\\\/\\\/www.fairtrade.es\\\/\",\"name\":\"Fairtrade\",\"description\":\"Sello l\u00edder de comercio justo\",\"publisher\":{\"@id\":\"https:\\\/\\\/www.fairtrade.es\\\/#organization\"},\"potentialAction\":[{\"@type\":\"SearchAction\",\"target\":{\"@type\":\"EntryPoint\",\"urlTemplate\":\"https:\\\/\\\/www.fairtrade.es\\\/?s={search_term_string}\"},\"query-input\":{\"@type\":\"PropertyValueSpecification\",\"valueRequired\":true,\"valueName\":\"search_term_string\"}}],\"inLanguage\":\"pt-PT\"},{\"@type\":\"Organization\",\"@id\":\"https:\\\/\\\/www.fairtrade.es\\\/#organization\",\"name\":\"Fairtrade Ib\u00e9rica\",\"url\":\"https:\\\/\\\/www.fairtrade.es\\\/\",\"logo\":{\"@type\":\"ImageObject\",\"inLanguage\":\"pt-PT\",\"@id\":\"https:\\\/\\\/www.fairtrade.es\\\/#\\\/schema\\\/logo\\\/image\\\/\",\"url\":\"https:\\\/\\\/www.fairtrade.es\\\/wp-content\\\/uploads\\\/2022\\\/03\\\/Fairtrade-iberica-logo.png\",\"contentUrl\":\"https:\\\/\\\/www.fairtrade.es\\\/wp-content\\\/uploads\\\/2022\\\/03\\\/Fairtrade-iberica-logo.png\",\"width\":340,\"height\":407,\"caption\":\"Fairtrade Ib\u00e9rica\"},\"image\":{\"@id\":\"https:\\\/\\\/www.fairtrade.es\\\/#\\\/schema\\\/logo\\\/image\\\/\"},\"sameAs\":[\"https:\\\/\\\/www.facebook.com\\\/fairtradeiberica\",\"https:\\\/\\\/x.com\\\/fairtradeES\",\"https:\\\/\\\/www.instagram.com\\\/fairtradeiberica\\\/\",\"https:\\\/\\\/www.linkedin.com\\\/company\\\/fairtrade-iberica\",\"https:\\\/\\\/www.youtube.com\\\/user\\\/sellofairtrade\"]},{\"@type\":\"Person\",\"@id\":\"https:\\\/\\\/www.fairtrade.es\\\/#\\\/schema\\\/person\\\/52301a93f12b94e21df6c93e253792c9\",\"name\":\"domingo.marketing\",\"image\":{\"@type\":\"ImageObject\",\"inLanguage\":\"pt-PT\",\"@id\":\"https:\\\/\\\/secure.gravatar.com\\\/avatar\\\/6cb81d52e8b36adcdce3359ed0cb0627c82872b13798c03dfe4b171939859595?s=96&d=mm&r=g\",\"url\":\"https:\\\/\\\/secure.gravatar.com\\\/avatar\\\/6cb81d52e8b36adcdce3359ed0cb0627c82872b13798c03dfe4b171939859595?s=96&d=mm&r=g\",\"contentUrl\":\"https:\\\/\\\/secure.gravatar.com\\\/avatar\\\/6cb81d52e8b36adcdce3359ed0cb0627c82872b13798c03dfe4b171939859595?s=96&d=mm&r=g\",\"caption\":\"domingo.marketing\"}}]}<\/script>\n<!-- \/ Yoast SEO plugin. -->","yoast_head_json":{"title":"Banana certificada Fairtrade | Fairtrade","description":"Banana certificada Fairtrade","robots":{"index":"index","follow":"follow","max-snippet":"max-snippet:-1","max-image-preview":"max-image-preview:large","max-video-preview":"max-video-preview:-1"},"canonical":"https:\/\/www.fairtrade.es\/pt\/banana-com-certificacao-de-comercio-justo\/","og_locale":"pt_PT","og_type":"article","og_title":"Banana certificada Fairtrade | Fairtrade","og_description":"Banana certificada Fairtrade","og_url":"https:\/\/www.fairtrade.es\/pt\/banana-com-certificacao-de-comercio-justo\/","og_site_name":"Fairtrade","article_publisher":"https:\/\/www.facebook.com\/fairtradeiberica","article_published_time":"2022-05-10T06:42:48+00:00","article_modified_time":"2023-12-27T12:01:20+00:00","og_image":[{"width":900,"height":600,"url":"https:\/\/www.fairtrade.es\/wp-content\/uploads\/2022\/05\/banana-certificada-fairtrade.jpg","type":"image\/jpeg"}],"author":"domingo.marketing","twitter_card":"summary_large_image","twitter_creator":"@fairtradeES","twitter_site":"@fairtradeES","twitter_misc":{"Escrito por":"domingo.marketing","Tempo estimado de leitura":"4 minutos"},"schema":{"@context":"https:\/\/schema.org","@graph":[{"@type":"Article","@id":"https:\/\/www.fairtrade.es\/banana-certificada-fairtrade\/#article","isPartOf":{"@id":"https:\/\/www.fairtrade.es\/banana-certificada-fairtrade\/"},"author":{"name":"domingo.marketing","@id":"https:\/\/www.fairtrade.es\/#\/schema\/person\/52301a93f12b94e21df6c93e253792c9"},"headline":"Banana certificada Fairtrade","datePublished":"2022-05-10T06:42:48+00:00","dateModified":"2023-12-27T12:01:20+00:00","mainEntityOfPage":{"@id":"https:\/\/www.fairtrade.es\/banana-certificada-fairtrade\/"},"wordCount":758,"publisher":{"@id":"https:\/\/www.fairtrade.es\/#organization"},"image":{"@id":"https:\/\/www.fairtrade.es\/banana-certificada-fairtrade\/#primaryimage"},"thumbnailUrl":"https:\/\/www.fairtrade.es\/wp-content\/uploads\/2022\/05\/banana-certificada-fairtrade.jpg","articleSection":["Comercio Justo","Ingresos Dignos","Otros productos","Precio M\u00ednimo","Prima Fairtrade","Productos","Uncategorized"],"inLanguage":"pt-PT"},{"@type":"WebPage","@id":"https:\/\/www.fairtrade.es\/banana-certificada-fairtrade\/","url":"https:\/\/www.fairtrade.es\/banana-certificada-fairtrade\/","name":"Banana certificada Fairtrade | Fairtrade","isPartOf":{"@id":"https:\/\/www.fairtrade.es\/#website"},"primaryImageOfPage":{"@id":"https:\/\/www.fairtrade.es\/banana-certificada-fairtrade\/#primaryimage"},"image":{"@id":"https:\/\/www.fairtrade.es\/banana-certificada-fairtrade\/#primaryimage"},"thumbnailUrl":"https:\/\/www.fairtrade.es\/wp-content\/uploads\/2022\/05\/banana-certificada-fairtrade.jpg","datePublished":"2022-05-10T06:42:48+00:00","dateModified":"2023-12-27T12:01:20+00:00","description":"Banana certificada Fairtrade","breadcrumb":{"@id":"https:\/\/www.fairtrade.es\/banana-certificada-fairtrade\/#breadcrumb"},"inLanguage":"pt-PT","potentialAction":[{"@type":"ReadAction","target":["https:\/\/www.fairtrade.es\/banana-certificada-fairtrade\/"]}]},{"@type":"ImageObject","inLanguage":"pt-PT","@id":"https:\/\/www.fairtrade.es\/banana-certificada-fairtrade\/#primaryimage","url":"https:\/\/www.fairtrade.es\/wp-content\/uploads\/2022\/05\/banana-certificada-fairtrade.jpg","contentUrl":"https:\/\/www.fairtrade.es\/wp-content\/uploads\/2022\/05\/banana-certificada-fairtrade.jpg","width":900,"height":600},{"@type":"BreadcrumbList","@id":"https:\/\/www.fairtrade.es\/banana-certificada-fairtrade\/#breadcrumb","itemListElement":[{"@type":"ListItem","position":1,"name":"Portada","item":"https:\/\/www.fairtrade.es\/"},{"@type":"ListItem","position":2,"name":"Banana certificada Fairtrade"}]},{"@type":"WebSite","@id":"https:\/\/www.fairtrade.es\/#website","url":"https:\/\/www.fairtrade.es\/","name":"Fairtrade","description":"Sello l\u00edder de comercio justo","publisher":{"@id":"https:\/\/www.fairtrade.es\/#organization"},"potentialAction":[{"@type":"SearchAction","target":{"@type":"EntryPoint","urlTemplate":"https:\/\/www.fairtrade.es\/?s={search_term_string}"},"query-input":{"@type":"PropertyValueSpecification","valueRequired":true,"valueName":"search_term_string"}}],"inLanguage":"pt-PT"},{"@type":"Organization","@id":"https:\/\/www.fairtrade.es\/#organization","name":"Fairtrade Ib\u00e9rica","url":"https:\/\/www.fairtrade.es\/","logo":{"@type":"ImageObject","inLanguage":"pt-PT","@id":"https:\/\/www.fairtrade.es\/#\/schema\/logo\/image\/","url":"https:\/\/www.fairtrade.es\/wp-content\/uploads\/2022\/03\/Fairtrade-iberica-logo.png","contentUrl":"https:\/\/www.fairtrade.es\/wp-content\/uploads\/2022\/03\/Fairtrade-iberica-logo.png","width":340,"height":407,"caption":"Fairtrade Ib\u00e9rica"},"image":{"@id":"https:\/\/www.fairtrade.es\/#\/schema\/logo\/image\/"},"sameAs":["https:\/\/www.facebook.com\/fairtradeiberica","https:\/\/x.com\/fairtradeES","https:\/\/www.instagram.com\/fairtradeiberica\/","https:\/\/www.linkedin.com\/company\/fairtrade-iberica","https:\/\/www.youtube.com\/user\/sellofairtrade"]},{"@type":"Person","@id":"https:\/\/www.fairtrade.es\/#\/schema\/person\/52301a93f12b94e21df6c93e253792c9","name":"domingo.marketing","image":{"@type":"ImageObject","inLanguage":"pt-PT","@id":"https:\/\/secure.gravatar.com\/avatar\/6cb81d52e8b36adcdce3359ed0cb0627c82872b13798c03dfe4b171939859595?s=96&d=mm&r=g","url":"https:\/\/secure.gravatar.com\/avatar\/6cb81d52e8b36adcdce3359ed0cb0627c82872b13798c03dfe4b171939859595?s=96&d=mm&r=g","contentUrl":"https:\/\/secure.gravatar.com\/avatar\/6cb81d52e8b36adcdce3359ed0cb0627c82872b13798c03dfe4b171939859595?s=96&d=mm&r=g","caption":"domingo.marketing"}}]}},"_links":{"self":[{"href":"https:\/\/www.fairtrade.es\/pt\/wp-json\/wp\/v2\/posts\/2543","targetHints":{"allow":["GET"]}}],"collection":[{"href":"https:\/\/www.fairtrade.es\/pt\/wp-json\/wp\/v2\/posts"}],"about":[{"href":"https:\/\/www.fairtrade.es\/pt\/wp-json\/wp\/v2\/types\/post"}],"author":[{"embeddable":true,"href":"https:\/\/www.fairtrade.es\/pt\/wp-json\/wp\/v2\/users\/2"}],"replies":[{"embeddable":true,"href":"https:\/\/www.fairtrade.es\/pt\/wp-json\/wp\/v2\/comments?post=2543"}],"version-history":[{"count":4,"href":"https:\/\/www.fairtrade.es\/pt\/wp-json\/wp\/v2\/posts\/2543\/revisions"}],"predecessor-version":[{"id":4857,"href":"https:\/\/www.fairtrade.es\/pt\/wp-json\/wp\/v2\/posts\/2543\/revisions\/4857"}],"wp:featuredmedia":[{"embeddable":true,"href":"https:\/\/www.fairtrade.es\/pt\/wp-json\/wp\/v2\/media\/2545"}],"wp:attachment":[{"href":"https:\/\/www.fairtrade.es\/pt\/wp-json\/wp\/v2\/media?parent=2543"}],"wp:term":[{"taxonomy":"category","embeddable":true,"href":"https:\/\/www.fairtrade.es\/pt\/wp-json\/wp\/v2\/categories?post=2543"},{"taxonomy":"post_tag","embeddable":true,"href":"https:\/\/www.fairtrade.es\/pt\/wp-json\/wp\/v2\/tags?post=2543"}],"curies":[{"name":"wp","href":"https:\/\/api.w.org\/{rel}","templated":true}]}}