{"id":5057,"date":"2024-02-12T13:29:58","date_gmt":"2024-02-12T11:29:58","guid":{"rendered":"https:\/\/www.fairtrade.es\/?p=5057"},"modified":"2024-02-16T10:49:24","modified_gmt":"2024-02-16T08:49:24","slug":"la-actualizacion-del-estandar-de-cafe-fairtrade-amplia-la-prevencion-de-la-deforestacion","status":"publish","type":"post","link":"https:\/\/www.fairtrade.es\/pt\/a-atualizacao-do-padrao-do-cafe-fairtrade-amplia-a-prevencao-do-desmatamento\/","title":{"rendered":"A atualiza\u00e7\u00e3o do padr\u00e3o de caf\u00e9 Fairtrade expande a preven\u00e7\u00e3o do desmatamento"},"content":{"rendered":"<p><img loading=\"lazy\" decoding=\"async\" class=\"alignnone size-medium wp-image-5058\" src=\"https:\/\/www.fairtrade.es\/wp-content\/uploads\/2024\/02\/Fairtrade-Premium-Impact-1-300x200.jpg\" alt=\"\" width=\"300\" height=\"200\" srcset=\"https:\/\/www.fairtrade.es\/wp-content\/uploads\/2024\/02\/Fairtrade-Premium-Impact-1-300x200.jpg 300w, https:\/\/www.fairtrade.es\/wp-content\/uploads\/2024\/02\/Fairtrade-Premium-Impact-1-18x12.jpg 18w, https:\/\/www.fairtrade.es\/wp-content\/uploads\/2024\/02\/Fairtrade-Premium-Impact-1.jpg 604w\" sizes=\"auto, (max-width: 300px) 100vw, 300px\" \/><\/p>\n<p>Num esfor\u00e7o para reduzir a degrada\u00e7\u00e3o ambiental, o Fairtrade atualizou seu\u00a0<a href=\"https:\/\/www.fairtrade.net\/standard\/spo-coffee\" target=\"_blank\" rel=\"noopener\">Padr\u00e3o para Caf\u00e9<\/a>\u00a0exigir que produtores e comerciantes certificados (pagadores e transmissores) fortale\u00e7am a preven\u00e7\u00e3o, monitoramento e mitiga\u00e7\u00e3o do desmatamento.<\/p>\n<p>A atualiza\u00e7\u00e3o, aprovada pelo Comit\u00ea de Padr\u00f5es Fairtrade, atende e em algumas \u00e1reas excede os\u00a0<a href=\"https:\/\/environment.ec.europa.eu\/topics\/forests\/deforestation\/regulation-deforestation-free-products_en\">Regulamento de Desmatamento da Uni\u00e3o Europeia<\/a> (EUDR), que entrou em vigor em junho de 2023. Notavelmente, o Padr\u00e3o Fairtrade para Caf\u00e9 atualizado estabelece o prazo de desmatamento como 1\u00ba de janeiro. 2014, o que significa que nenhum caf\u00e9 dever\u00e1 provir de terras desmatadas ap\u00f3s esse per\u00edodo. Tamb\u00e9m exige que todas as cooperativas tenham pontos de geolocaliza\u00e7\u00e3o cadastrados, e as cooperativas com mais de quatro (4) hectares devem possuir mapas poligonais.<\/p>\n<p>Juan Pablo Sol\u00eds, Conselheiro S\u00eanior de Clima e Meio Ambiente da Fairtrade International, explicou que o Padr\u00e3o do Caf\u00e9 atualizado \u00e9 importante porque representa um grande passo na dire\u00e7\u00e3o certa.\u00a0<em>\u201cN\u00e3o h\u00e1 como negar que vivemos numa era de crise clim\u00e1tica. Para agricultores e trabalhadores, a frequ\u00eancia e a gravidade da variabilidade clim\u00e1tica significam uma elevada exposi\u00e7\u00e3o a riscos humanos e ambientais que p\u00f5em em perigo os seus meios de subsist\u00eancia. \u201cN\u00e3o \u00e9 segredo que as altera\u00e7\u00f5es clim\u00e1ticas afectam directamente o futuro dos pequenos agricultores, raz\u00e3o pela qual uma mudan\u00e7a significativa no nosso sistema alimentar global \u00e9 fundamental.\u201d<\/em><\/p>\n<p>Al\u00e9m disso, a Norma exige que as cooperativas de caf\u00e9 desenvolvam um plano de preven\u00e7\u00e3o e mitiga\u00e7\u00e3o, e devem rastrear o desmatamento, que ser\u00e1 facilitado por uma plataforma de sat\u00e9lite fornecida pelo Fairtrade. Fairtrade estabeleceu um <ins><a href=\"https:\/\/www.fairtrade.es\/pt\/produtores-de-comercio-justo-expandirao-o-monitoramento-do-desmatamento-gracas-a-nova-parceria-com-a-satelite\/\" target=\"_blank\" rel=\"noopener\">parceria com Satelligence<\/a><\/ins>, l\u00edder no monitoramento do desmatamento, o que permitir\u00e1 que organiza\u00e7\u00f5es de produtores tenham acesso aos dados e atuem sobre os riscos identificados.<\/p>\n<p>Ao atualizar o Padr\u00e3o do Caf\u00e9, 600 cooperativas de caf\u00e9 certificadas Fairtrade, representando 870.000 produtores de caf\u00e9 certificados Fairtrade que cultivam 1,1 milh\u00e3o de hectares, teriam a orienta\u00e7\u00e3o e as ferramentas para cumprir o EUDR, que faz parte do <a href=\"https:\/\/commission.europa.eu\/strategy-and-policy\/priorities-2019-2024\/european-green-deal_en\">Acordo Verde Europeu<\/a>\u00a0.<\/p>\n<p>Por exemplo, ele \u00a0<a href=\"https:\/\/environment.ec.europa.eu\/topics\/forests\/deforestation\/regulation-deforestation-free-products_en\">Regulamento de Desmatamento da Uni\u00e3o Europeia<\/a> (EUDR) exige dados de geolocaliza\u00e7\u00e3o, mas o Padr\u00e3o Fairtrade vai al\u00e9m, exigindo que as organiza\u00e7\u00f5es de produtores coletem essas informa\u00e7\u00f5es e que os pagadores e transmissores as relatem ao Fairtrade e tamb\u00e9m as compartilhem com as organiza\u00e7\u00f5es de produtores para evitar o desmatamento. Este detalhe aponta para o princ\u00edpio da equidade, o que significa que a responsabilidade de proteger o meio ambiente deve ser partilhada por todos os envolvidos. O prazo do EUDR \u00e9 31 de dezembro de 2020, enquanto o prazo do Fairtrade \u00e9 1\u00ba de janeiro de 2014. Al\u00e9m disso, o Padr\u00e3o Fairtrade exige n\u00e3o apenas monitoramento e avalia\u00e7\u00e3o de riscos, mas tamb\u00e9m um plano de monitoramento e gest\u00e3o da biodiversidade, ao contr\u00e1rio dos requisitos do EUDR.<\/p>\n<p>A Norma atualizada entrar\u00e1 em vigor em 2026, dando aos produtores e comerciantes um per\u00edodo de transi\u00e7\u00e3o para ajustar as suas pr\u00e1ticas e garantir o cumprimento.<\/p>\n<p>Os Padr\u00f5es Fairtrade s\u00e3o revisados e <a href=\"https:\/\/www.fairtrade.es\/pt\/fairtrade\/padroes-de-comercio-justo\/\" target=\"_blank\" rel=\"noopener\">atualizado periodicamente<\/a> atrav\u00e9s de um processo inclusivo e consultivo iniciado e liderado pela Unidade de Normas Internacionais e Pre\u00e7os Fairtrade, envolvendo as principais partes interessadas no sistema Fairtrade, incluindo agricultores e trabalhadores agr\u00edcolas, e depois decidido pelo Comit\u00e9 de Normas Internacionais Fairtrade. O comit\u00ea, que inclui representantes de todas as tr\u00eas Redes de Produtores Fairtrade, garante que quaisquer decis\u00f5es considerem as opini\u00f5es de todas as partes interessadas relevantes e estejam alinhadas com a miss\u00e3o e as declara\u00e7\u00f5es pol\u00edticas da Fairtrade International.<\/p>\n<p>Publicado originalmente em 12 de fevereiro de 24 no site\u00a0<a href=\"https:\/\/www.fairtrade.net\/news\/coffee-standard-update-expanding-deforestation-prevention-2\" target=\"_blank\" rel=\"noopener\">Fairtrade Internacional<\/a><\/p>","protected":false},"excerpt":{"rendered":"<p>Num esfor\u00e7o para reduzir a degrada\u00e7\u00e3o ambiental, o Fairtrade atualizou o seu Padr\u00e3o do Caf\u00e9, exigindo que os produtores e comerciantes certificados (pagadores e transmissores) reforcem a preven\u00e7\u00e3o, monitoriza\u00e7\u00e3o e mitiga\u00e7\u00e3o do desmatamento. A atualiza\u00e7\u00e3o, aprovada pelo Comit\u00ea de Padr\u00f5es Fairtrade, atende e em algumas \u00e1reas excede o Regulamento de Desmatamento do [\u2026]<\/p>","protected":false},"author":3,"featured_media":5058,"comment_status":"open","ping_status":"open","sticky":false,"template":"","format":"standard","meta":{"_acf_changed":false,"_ef_editorial_meta_date_first-draft-date":"","_ef_editorial_meta_paragraph_assignment":"","_ef_editorial_meta_checkbox_needs-photo":"","_ef_editorial_meta_number_word-count":"","footnotes":""},"categories":[163,148,154,159,169,157,152,161],"tags":[],"class_list":["post-5057","post","type-post","status-publish","format-standard","has-post-thumbnail","hentry","category-cafe","category-comercio-justo","category-deforestacion","category-deforestacion-leyes-y-normas","category-informes-y-estudios","category-leyes-y-normas","category-medioambiente-y-clima","category-productos"],"acf":[],"yoast_head":"<!-- This site is optimized with the Yoast SEO plugin v27.5 - https:\/\/yoast.com\/product\/yoast-seo-wordpress\/ -->\n<title>La actualizaci\u00f3n del Est\u00e1ndar de Caf\u00e9 Fairtrade ampl\u00eda la prevenci\u00f3n de la deforestaci\u00f3n | Fairtrade<\/title>\n<meta name=\"description\" content=\"La actualizaci\u00f3n del Est\u00e1ndar de Caf\u00e9 Fairtrade ampl\u00eda la prevenci\u00f3n de la deforestaci\u00f3n\" \/>\n<meta name=\"robots\" content=\"index, follow, max-snippet:-1, max-image-preview:large, max-video-preview:-1\" \/>\n<link rel=\"canonical\" href=\"https:\/\/www.fairtrade.es\/pt\/a-atualizacao-do-padrao-do-cafe-fairtrade-amplia-a-prevencao-do-desmatamento\/\" \/>\n<meta property=\"og:locale\" content=\"pt_PT\" \/>\n<meta property=\"og:type\" content=\"article\" \/>\n<meta property=\"og:title\" content=\"La actualizaci\u00f3n del Est\u00e1ndar de Caf\u00e9 Fairtrade ampl\u00eda la prevenci\u00f3n de la deforestaci\u00f3n | Fairtrade\" \/>\n<meta property=\"og:description\" content=\"La actualizaci\u00f3n del Est\u00e1ndar de Caf\u00e9 Fairtrade ampl\u00eda la prevenci\u00f3n de la deforestaci\u00f3n\" \/>\n<meta property=\"og:url\" content=\"https:\/\/www.fairtrade.es\/pt\/a-atualizacao-do-padrao-do-cafe-fairtrade-amplia-a-prevencao-do-desmatamento\/\" \/>\n<meta property=\"og:site_name\" content=\"Fairtrade\" \/>\n<meta property=\"article:publisher\" content=\"https:\/\/www.facebook.com\/fairtradeiberica\" \/>\n<meta property=\"article:published_time\" content=\"2024-02-12T11:29:58+00:00\" \/>\n<meta property=\"article:modified_time\" content=\"2024-02-16T08:49:24+00:00\" \/>\n<meta property=\"og:image\" content=\"https:\/\/www.fairtrade.es\/wp-content\/uploads\/2024\/02\/Fairtrade-Premium-Impact-1.jpg\" \/>\n\t<meta property=\"og:image:width\" content=\"604\" \/>\n\t<meta property=\"og:image:height\" content=\"402\" \/>\n\t<meta property=\"og:image:type\" content=\"image\/jpeg\" \/>\n<meta name=\"author\" content=\"fairtrade\" \/>\n<meta name=\"twitter:card\" content=\"summary_large_image\" \/>\n<meta name=\"twitter:creator\" content=\"@fairtradeES\" \/>\n<meta name=\"twitter:site\" content=\"@fairtradeES\" \/>\n<meta name=\"twitter:label1\" content=\"Escrito por\" \/>\n\t<meta name=\"twitter:data1\" content=\"fairtrade\" \/>\n\t<meta name=\"twitter:label2\" content=\"Tempo estimado de leitura\" \/>\n\t<meta name=\"twitter:data2\" content=\"3 minutos\" \/>\n<script type=\"application\/ld+json\" class=\"yoast-schema-graph\">{\"@context\":\"https:\\\/\\\/schema.org\",\"@graph\":[{\"@type\":\"Article\",\"@id\":\"https:\\\/\\\/www.fairtrade.es\\\/la-actualizacion-del-estandar-de-cafe-fairtrade-amplia-la-prevencion-de-la-deforestacion\\\/#article\",\"isPartOf\":{\"@id\":\"https:\\\/\\\/www.fairtrade.es\\\/la-actualizacion-del-estandar-de-cafe-fairtrade-amplia-la-prevencion-de-la-deforestacion\\\/\"},\"author\":{\"name\":\"fairtrade\",\"@id\":\"https:\\\/\\\/www.fairtrade.es\\\/#\\\/schema\\\/person\\\/3f59e0ee8571f449c95f2ce8e340e4cc\"},\"headline\":\"La actualizaci\u00f3n del Est\u00e1ndar de Caf\u00e9 Fairtrade ampl\u00eda la prevenci\u00f3n de la deforestaci\u00f3n\",\"datePublished\":\"2024-02-12T11:29:58+00:00\",\"dateModified\":\"2024-02-16T08:49:24+00:00\",\"mainEntityOfPage\":{\"@id\":\"https:\\\/\\\/www.fairtrade.es\\\/la-actualizacion-del-estandar-de-cafe-fairtrade-amplia-la-prevencion-de-la-deforestacion\\\/\"},\"wordCount\":685,\"commentCount\":0,\"publisher\":{\"@id\":\"https:\\\/\\\/www.fairtrade.es\\\/#organization\"},\"image\":{\"@id\":\"https:\\\/\\\/www.fairtrade.es\\\/la-actualizacion-del-estandar-de-cafe-fairtrade-amplia-la-prevencion-de-la-deforestacion\\\/#primaryimage\"},\"thumbnailUrl\":\"https:\\\/\\\/www.fairtrade.es\\\/wp-content\\\/uploads\\\/2024\\\/02\\\/Fairtrade-Premium-Impact-1.jpg\",\"articleSection\":[\"Caf\u00e9\",\"Comercio Justo\",\"Deforestaci\u00f3n\",\"Deforestaci\u00f3n\",\"Informes y Estudios\",\"Leyes y normas\",\"Medioambiente y Clima\",\"Productos\"],\"inLanguage\":\"pt-PT\",\"potentialAction\":[{\"@type\":\"CommentAction\",\"name\":\"Comment\",\"target\":[\"https:\\\/\\\/www.fairtrade.es\\\/la-actualizacion-del-estandar-de-cafe-fairtrade-amplia-la-prevencion-de-la-deforestacion\\\/#respond\"]}]},{\"@type\":\"WebPage\",\"@id\":\"https:\\\/\\\/www.fairtrade.es\\\/la-actualizacion-del-estandar-de-cafe-fairtrade-amplia-la-prevencion-de-la-deforestacion\\\/\",\"url\":\"https:\\\/\\\/www.fairtrade.es\\\/la-actualizacion-del-estandar-de-cafe-fairtrade-amplia-la-prevencion-de-la-deforestacion\\\/\",\"name\":\"La actualizaci\u00f3n del Est\u00e1ndar de Caf\u00e9 Fairtrade ampl\u00eda la prevenci\u00f3n de la deforestaci\u00f3n | Fairtrade\",\"isPartOf\":{\"@id\":\"https:\\\/\\\/www.fairtrade.es\\\/#website\"},\"primaryImageOfPage\":{\"@id\":\"https:\\\/\\\/www.fairtrade.es\\\/la-actualizacion-del-estandar-de-cafe-fairtrade-amplia-la-prevencion-de-la-deforestacion\\\/#primaryimage\"},\"image\":{\"@id\":\"https:\\\/\\\/www.fairtrade.es\\\/la-actualizacion-del-estandar-de-cafe-fairtrade-amplia-la-prevencion-de-la-deforestacion\\\/#primaryimage\"},\"thumbnailUrl\":\"https:\\\/\\\/www.fairtrade.es\\\/wp-content\\\/uploads\\\/2024\\\/02\\\/Fairtrade-Premium-Impact-1.jpg\",\"datePublished\":\"2024-02-12T11:29:58+00:00\",\"dateModified\":\"2024-02-16T08:49:24+00:00\",\"description\":\"La actualizaci\u00f3n del Est\u00e1ndar de Caf\u00e9 Fairtrade ampl\u00eda la prevenci\u00f3n de la deforestaci\u00f3n\",\"breadcrumb\":{\"@id\":\"https:\\\/\\\/www.fairtrade.es\\\/la-actualizacion-del-estandar-de-cafe-fairtrade-amplia-la-prevencion-de-la-deforestacion\\\/#breadcrumb\"},\"inLanguage\":\"pt-PT\",\"potentialAction\":[{\"@type\":\"ReadAction\",\"target\":[\"https:\\\/\\\/www.fairtrade.es\\\/la-actualizacion-del-estandar-de-cafe-fairtrade-amplia-la-prevencion-de-la-deforestacion\\\/\"]}]},{\"@type\":\"ImageObject\",\"inLanguage\":\"pt-PT\",\"@id\":\"https:\\\/\\\/www.fairtrade.es\\\/la-actualizacion-del-estandar-de-cafe-fairtrade-amplia-la-prevencion-de-la-deforestacion\\\/#primaryimage\",\"url\":\"https:\\\/\\\/www.fairtrade.es\\\/wp-content\\\/uploads\\\/2024\\\/02\\\/Fairtrade-Premium-Impact-1.jpg\",\"contentUrl\":\"https:\\\/\\\/www.fairtrade.es\\\/wp-content\\\/uploads\\\/2024\\\/02\\\/Fairtrade-Premium-Impact-1.jpg\",\"width\":604,\"height\":402},{\"@type\":\"BreadcrumbList\",\"@id\":\"https:\\\/\\\/www.fairtrade.es\\\/la-actualizacion-del-estandar-de-cafe-fairtrade-amplia-la-prevencion-de-la-deforestacion\\\/#breadcrumb\",\"itemListElement\":[{\"@type\":\"ListItem\",\"position\":1,\"name\":\"Portada\",\"item\":\"https:\\\/\\\/www.fairtrade.es\\\/\"},{\"@type\":\"ListItem\",\"position\":2,\"name\":\"La actualizaci\u00f3n del Est\u00e1ndar de Caf\u00e9 Fairtrade ampl\u00eda la prevenci\u00f3n de la deforestaci\u00f3n\"}]},{\"@type\":\"WebSite\",\"@id\":\"https:\\\/\\\/www.fairtrade.es\\\/#website\",\"url\":\"https:\\\/\\\/www.fairtrade.es\\\/\",\"name\":\"Fairtrade\",\"description\":\"Sello l\u00edder de comercio justo\",\"publisher\":{\"@id\":\"https:\\\/\\\/www.fairtrade.es\\\/#organization\"},\"potentialAction\":[{\"@type\":\"SearchAction\",\"target\":{\"@type\":\"EntryPoint\",\"urlTemplate\":\"https:\\\/\\\/www.fairtrade.es\\\/?s={search_term_string}\"},\"query-input\":{\"@type\":\"PropertyValueSpecification\",\"valueRequired\":true,\"valueName\":\"search_term_string\"}}],\"inLanguage\":\"pt-PT\"},{\"@type\":\"Organization\",\"@id\":\"https:\\\/\\\/www.fairtrade.es\\\/#organization\",\"name\":\"Fairtrade Ib\u00e9rica\",\"url\":\"https:\\\/\\\/www.fairtrade.es\\\/\",\"logo\":{\"@type\":\"ImageObject\",\"inLanguage\":\"pt-PT\",\"@id\":\"https:\\\/\\\/www.fairtrade.es\\\/#\\\/schema\\\/logo\\\/image\\\/\",\"url\":\"https:\\\/\\\/www.fairtrade.es\\\/wp-content\\\/uploads\\\/2022\\\/03\\\/Fairtrade-iberica-logo.png\",\"contentUrl\":\"https:\\\/\\\/www.fairtrade.es\\\/wp-content\\\/uploads\\\/2022\\\/03\\\/Fairtrade-iberica-logo.png\",\"width\":340,\"height\":407,\"caption\":\"Fairtrade Ib\u00e9rica\"},\"image\":{\"@id\":\"https:\\\/\\\/www.fairtrade.es\\\/#\\\/schema\\\/logo\\\/image\\\/\"},\"sameAs\":[\"https:\\\/\\\/www.facebook.com\\\/fairtradeiberica\",\"https:\\\/\\\/x.com\\\/fairtradeES\",\"https:\\\/\\\/www.instagram.com\\\/fairtradeiberica\\\/\",\"https:\\\/\\\/www.linkedin.com\\\/company\\\/fairtrade-iberica\",\"https:\\\/\\\/www.youtube.com\\\/user\\\/sellofairtrade\"]},{\"@type\":\"Person\",\"@id\":\"https:\\\/\\\/www.fairtrade.es\\\/#\\\/schema\\\/person\\\/3f59e0ee8571f449c95f2ce8e340e4cc\",\"name\":\"fairtrade\",\"image\":{\"@type\":\"ImageObject\",\"inLanguage\":\"pt-PT\",\"@id\":\"https:\\\/\\\/secure.gravatar.com\\\/avatar\\\/4123eed37804ff1898f0b7afa824a3aab24b452d9e9ee086f86b4e2a85f3de29?s=96&d=mm&r=g\",\"url\":\"https:\\\/\\\/secure.gravatar.com\\\/avatar\\\/4123eed37804ff1898f0b7afa824a3aab24b452d9e9ee086f86b4e2a85f3de29?s=96&d=mm&r=g\",\"contentUrl\":\"https:\\\/\\\/secure.gravatar.com\\\/avatar\\\/4123eed37804ff1898f0b7afa824a3aab24b452d9e9ee086f86b4e2a85f3de29?s=96&d=mm&r=g\",\"caption\":\"fairtrade\"}}]}<\/script>\n<!-- \/ Yoast SEO plugin. -->","yoast_head_json":{"title":"La actualizaci\u00f3n del Est\u00e1ndar de Caf\u00e9 Fairtrade ampl\u00eda la prevenci\u00f3n de la deforestaci\u00f3n | Fairtrade","description":"La actualizaci\u00f3n del Est\u00e1ndar de Caf\u00e9 Fairtrade ampl\u00eda la prevenci\u00f3n de la deforestaci\u00f3n","robots":{"index":"index","follow":"follow","max-snippet":"max-snippet:-1","max-image-preview":"max-image-preview:large","max-video-preview":"max-video-preview:-1"},"canonical":"https:\/\/www.fairtrade.es\/pt\/a-atualizacao-do-padrao-do-cafe-fairtrade-amplia-a-prevencao-do-desmatamento\/","og_locale":"pt_PT","og_type":"article","og_title":"La actualizaci\u00f3n del Est\u00e1ndar de Caf\u00e9 Fairtrade ampl\u00eda la prevenci\u00f3n de la deforestaci\u00f3n | Fairtrade","og_description":"La actualizaci\u00f3n del Est\u00e1ndar de Caf\u00e9 Fairtrade ampl\u00eda la prevenci\u00f3n de la deforestaci\u00f3n","og_url":"https:\/\/www.fairtrade.es\/pt\/a-atualizacao-do-padrao-do-cafe-fairtrade-amplia-a-prevencao-do-desmatamento\/","og_site_name":"Fairtrade","article_publisher":"https:\/\/www.facebook.com\/fairtradeiberica","article_published_time":"2024-02-12T11:29:58+00:00","article_modified_time":"2024-02-16T08:49:24+00:00","og_image":[{"width":604,"height":402,"url":"https:\/\/www.fairtrade.es\/wp-content\/uploads\/2024\/02\/Fairtrade-Premium-Impact-1.jpg","type":"image\/jpeg"}],"author":"fairtrade","twitter_card":"summary_large_image","twitter_creator":"@fairtradeES","twitter_site":"@fairtradeES","twitter_misc":{"Escrito por":"fairtrade","Tempo estimado de leitura":"3 minutos"},"schema":{"@context":"https:\/\/schema.org","@graph":[{"@type":"Article","@id":"https:\/\/www.fairtrade.es\/la-actualizacion-del-estandar-de-cafe-fairtrade-amplia-la-prevencion-de-la-deforestacion\/#article","isPartOf":{"@id":"https:\/\/www.fairtrade.es\/la-actualizacion-del-estandar-de-cafe-fairtrade-amplia-la-prevencion-de-la-deforestacion\/"},"author":{"name":"fairtrade","@id":"https:\/\/www.fairtrade.es\/#\/schema\/person\/3f59e0ee8571f449c95f2ce8e340e4cc"},"headline":"La actualizaci\u00f3n del Est\u00e1ndar de Caf\u00e9 Fairtrade ampl\u00eda la prevenci\u00f3n de la deforestaci\u00f3n","datePublished":"2024-02-12T11:29:58+00:00","dateModified":"2024-02-16T08:49:24+00:00","mainEntityOfPage":{"@id":"https:\/\/www.fairtrade.es\/la-actualizacion-del-estandar-de-cafe-fairtrade-amplia-la-prevencion-de-la-deforestacion\/"},"wordCount":685,"commentCount":0,"publisher":{"@id":"https:\/\/www.fairtrade.es\/#organization"},"image":{"@id":"https:\/\/www.fairtrade.es\/la-actualizacion-del-estandar-de-cafe-fairtrade-amplia-la-prevencion-de-la-deforestacion\/#primaryimage"},"thumbnailUrl":"https:\/\/www.fairtrade.es\/wp-content\/uploads\/2024\/02\/Fairtrade-Premium-Impact-1.jpg","articleSection":["Caf\u00e9","Comercio Justo","Deforestaci\u00f3n","Deforestaci\u00f3n","Informes y Estudios","Leyes y normas","Medioambiente y Clima","Productos"],"inLanguage":"pt-PT","potentialAction":[{"@type":"CommentAction","name":"Comment","target":["https:\/\/www.fairtrade.es\/la-actualizacion-del-estandar-de-cafe-fairtrade-amplia-la-prevencion-de-la-deforestacion\/#respond"]}]},{"@type":"WebPage","@id":"https:\/\/www.fairtrade.es\/la-actualizacion-del-estandar-de-cafe-fairtrade-amplia-la-prevencion-de-la-deforestacion\/","url":"https:\/\/www.fairtrade.es\/la-actualizacion-del-estandar-de-cafe-fairtrade-amplia-la-prevencion-de-la-deforestacion\/","name":"La actualizaci\u00f3n del Est\u00e1ndar de Caf\u00e9 Fairtrade ampl\u00eda la prevenci\u00f3n de la deforestaci\u00f3n | Fairtrade","isPartOf":{"@id":"https:\/\/www.fairtrade.es\/#website"},"primaryImageOfPage":{"@id":"https:\/\/www.fairtrade.es\/la-actualizacion-del-estandar-de-cafe-fairtrade-amplia-la-prevencion-de-la-deforestacion\/#primaryimage"},"image":{"@id":"https:\/\/www.fairtrade.es\/la-actualizacion-del-estandar-de-cafe-fairtrade-amplia-la-prevencion-de-la-deforestacion\/#primaryimage"},"thumbnailUrl":"https:\/\/www.fairtrade.es\/wp-content\/uploads\/2024\/02\/Fairtrade-Premium-Impact-1.jpg","datePublished":"2024-02-12T11:29:58+00:00","dateModified":"2024-02-16T08:49:24+00:00","description":"La actualizaci\u00f3n del Est\u00e1ndar de Caf\u00e9 Fairtrade ampl\u00eda la prevenci\u00f3n de la deforestaci\u00f3n","breadcrumb":{"@id":"https:\/\/www.fairtrade.es\/la-actualizacion-del-estandar-de-cafe-fairtrade-amplia-la-prevencion-de-la-deforestacion\/#breadcrumb"},"inLanguage":"pt-PT","potentialAction":[{"@type":"ReadAction","target":["https:\/\/www.fairtrade.es\/la-actualizacion-del-estandar-de-cafe-fairtrade-amplia-la-prevencion-de-la-deforestacion\/"]}]},{"@type":"ImageObject","inLanguage":"pt-PT","@id":"https:\/\/www.fairtrade.es\/la-actualizacion-del-estandar-de-cafe-fairtrade-amplia-la-prevencion-de-la-deforestacion\/#primaryimage","url":"https:\/\/www.fairtrade.es\/wp-content\/uploads\/2024\/02\/Fairtrade-Premium-Impact-1.jpg","contentUrl":"https:\/\/www.fairtrade.es\/wp-content\/uploads\/2024\/02\/Fairtrade-Premium-Impact-1.jpg","width":604,"height":402},{"@type":"BreadcrumbList","@id":"https:\/\/www.fairtrade.es\/la-actualizacion-del-estandar-de-cafe-fairtrade-amplia-la-prevencion-de-la-deforestacion\/#breadcrumb","itemListElement":[{"@type":"ListItem","position":1,"name":"Portada","item":"https:\/\/www.fairtrade.es\/"},{"@type":"ListItem","position":2,"name":"La actualizaci\u00f3n del Est\u00e1ndar de Caf\u00e9 Fairtrade ampl\u00eda la prevenci\u00f3n de la deforestaci\u00f3n"}]},{"@type":"WebSite","@id":"https:\/\/www.fairtrade.es\/#website","url":"https:\/\/www.fairtrade.es\/","name":"Fairtrade","description":"Sello l\u00edder de comercio justo","publisher":{"@id":"https:\/\/www.fairtrade.es\/#organization"},"potentialAction":[{"@type":"SearchAction","target":{"@type":"EntryPoint","urlTemplate":"https:\/\/www.fairtrade.es\/?s={search_term_string}"},"query-input":{"@type":"PropertyValueSpecification","valueRequired":true,"valueName":"search_term_string"}}],"inLanguage":"pt-PT"},{"@type":"Organization","@id":"https:\/\/www.fairtrade.es\/#organization","name":"Fairtrade Ib\u00e9rica","url":"https:\/\/www.fairtrade.es\/","logo":{"@type":"ImageObject","inLanguage":"pt-PT","@id":"https:\/\/www.fairtrade.es\/#\/schema\/logo\/image\/","url":"https:\/\/www.fairtrade.es\/wp-content\/uploads\/2022\/03\/Fairtrade-iberica-logo.png","contentUrl":"https:\/\/www.fairtrade.es\/wp-content\/uploads\/2022\/03\/Fairtrade-iberica-logo.png","width":340,"height":407,"caption":"Fairtrade Ib\u00e9rica"},"image":{"@id":"https:\/\/www.fairtrade.es\/#\/schema\/logo\/image\/"},"sameAs":["https:\/\/www.facebook.com\/fairtradeiberica","https:\/\/x.com\/fairtradeES","https:\/\/www.instagram.com\/fairtradeiberica\/","https:\/\/www.linkedin.com\/company\/fairtrade-iberica","https:\/\/www.youtube.com\/user\/sellofairtrade"]},{"@type":"Person","@id":"https:\/\/www.fairtrade.es\/#\/schema\/person\/3f59e0ee8571f449c95f2ce8e340e4cc","name":"fairtrade","image":{"@type":"ImageObject","inLanguage":"pt-PT","@id":"https:\/\/secure.gravatar.com\/avatar\/4123eed37804ff1898f0b7afa824a3aab24b452d9e9ee086f86b4e2a85f3de29?s=96&d=mm&r=g","url":"https:\/\/secure.gravatar.com\/avatar\/4123eed37804ff1898f0b7afa824a3aab24b452d9e9ee086f86b4e2a85f3de29?s=96&d=mm&r=g","contentUrl":"https:\/\/secure.gravatar.com\/avatar\/4123eed37804ff1898f0b7afa824a3aab24b452d9e9ee086f86b4e2a85f3de29?s=96&d=mm&r=g","caption":"fairtrade"}}]}},"_links":{"self":[{"href":"https:\/\/www.fairtrade.es\/pt\/wp-json\/wp\/v2\/posts\/5057","targetHints":{"allow":["GET"]}}],"collection":[{"href":"https:\/\/www.fairtrade.es\/pt\/wp-json\/wp\/v2\/posts"}],"about":[{"href":"https:\/\/www.fairtrade.es\/pt\/wp-json\/wp\/v2\/types\/post"}],"author":[{"embeddable":true,"href":"https:\/\/www.fairtrade.es\/pt\/wp-json\/wp\/v2\/users\/3"}],"replies":[{"embeddable":true,"href":"https:\/\/www.fairtrade.es\/pt\/wp-json\/wp\/v2\/comments?post=5057"}],"version-history":[{"count":4,"href":"https:\/\/www.fairtrade.es\/pt\/wp-json\/wp\/v2\/posts\/5057\/revisions"}],"predecessor-version":[{"id":5063,"href":"https:\/\/www.fairtrade.es\/pt\/wp-json\/wp\/v2\/posts\/5057\/revisions\/5063"}],"wp:featuredmedia":[{"embeddable":true,"href":"https:\/\/www.fairtrade.es\/pt\/wp-json\/wp\/v2\/media\/5058"}],"wp:attachment":[{"href":"https:\/\/www.fairtrade.es\/pt\/wp-json\/wp\/v2\/media?parent=5057"}],"wp:term":[{"taxonomy":"category","embeddable":true,"href":"https:\/\/www.fairtrade.es\/pt\/wp-json\/wp\/v2\/categories?post=5057"},{"taxonomy":"post_tag","embeddable":true,"href":"https:\/\/www.fairtrade.es\/pt\/wp-json\/wp\/v2\/tags?post=5057"}],"curies":[{"name":"wp","href":"https:\/\/api.w.org\/{rel}","templated":true}]}}