{"id":5079,"date":"2024-02-20T14:28:34","date_gmt":"2024-02-20T12:28:34","guid":{"rendered":"https:\/\/www.fairtrade.es\/?p=5079"},"modified":"2024-02-20T14:29:18","modified_gmt":"2024-02-20T12:29:18","slug":"fairtrade-se-asocia-con-la-coalicion-mundial-para-la-justicia-social","status":"publish","type":"post","link":"https:\/\/www.fairtrade.es\/pt\/o-comercio-justo-faz-parceria-com-a-coalizao-global-para-a-justica-social\/","title":{"rendered":"Fairtrade faz parceria com a Coaliz\u00e3o Global pela Justi\u00e7a Social"},"content":{"rendered":"<p><img loading=\"lazy\" decoding=\"async\" class=\"alignnone size-medium wp-image-5080\" src=\"https:\/\/www.fairtrade.es\/wp-content\/uploads\/2024\/02\/20_Febrero_Linkedin_X-300x168.png\" alt=\"\" width=\"300\" height=\"168\" srcset=\"https:\/\/www.fairtrade.es\/wp-content\/uploads\/2024\/02\/20_Febrero_Linkedin_X-300x168.png 300w, https:\/\/www.fairtrade.es\/wp-content\/uploads\/2024\/02\/20_Febrero_Linkedin_X-1024x572.png 1024w, https:\/\/www.fairtrade.es\/wp-content\/uploads\/2024\/02\/20_Febrero_Linkedin_X-768x429.png 768w, https:\/\/www.fairtrade.es\/wp-content\/uploads\/2024\/02\/20_Febrero_Linkedin_X-18x10.png 18w, https:\/\/www.fairtrade.es\/wp-content\/uploads\/2024\/02\/20_Febrero_Linkedin_X.png 1200w\" sizes=\"auto, (max-width: 300px) 100vw, 300px\" \/><\/p>\n<p><strong>BONN, Alemanha<\/strong>\u00a0\u2013 Hoje, no\u00a0<a href=\"https:\/\/www.un.org\/en\/observances\/social-justice-day\">Dia Mundial da Justi\u00e7a Social<\/a>\u00a0, a Fairtrade International tem o prazer de anunciar a sua parceria com a Coliga\u00e7\u00e3o Global para a Justi\u00e7a Social, uma iniciativa da Organiza\u00e7\u00e3o Internacional do Trabalho.<\/p>\n<p>o\u00a0<a href=\"https:\/\/www.ilo.org\/pardev\/partnerships\/other-global\/WCMS_907082\/lang--en\/index.htm\">Coliga\u00e7\u00e3o Global para a Justi\u00e7a Social<\/a>\u00a0visa intensificar os esfor\u00e7os coletivos para resolver urgentemente os d\u00e9fices de justi\u00e7a social e acelerar a implementa\u00e7\u00e3o da Agenda 2030 para o Desenvolvimento Sustent\u00e1vel, dos Objetivos de Desenvolvimento Sustent\u00e1vel e da Agenda para o Trabalho Digno.<\/p>\n<p>\u201cEsta \u00e9 uma excelente oportunidade para partilhar com outras pessoas as nossas pr\u00e1ticas para melhorar a vida dos pequenos agricultores e agricultores, bem como aprender com eles\u201d, disse Melissa Duncan, Diretora Executiva da Fairtrade International. &quot;Estou orgulhoso de fazermos parte desta importante coaliz\u00e3o.&quot;<\/p>\n<p>A Fairtrade International junta-se a uma lista de governos nacionais, organiza\u00e7\u00f5es internacionais e organiza\u00e7\u00f5es n\u00e3o governamentais, entre muitas outras, que est\u00e3o igualmente comprometidas com os trabalhadores e a justi\u00e7a social.<\/p>\n<p>A Fairtrade promove a justi\u00e7a social nas cadeias de abastecimento globais h\u00e1 quase 30 anos. Trabalha para alcan\u00e7ar um maior equil\u00edbrio entre as dimens\u00f5es econ\u00f3mica, social e ambiental da agricultura sustent\u00e1vel, reduzindo ao mesmo tempo as desigualdades e a pobreza.<\/p>\n<p>Publicado originalmente em 20 de fevereiro de 24 no site <a href=\"https:\/\/www.fairtrade.net\/news\/fairtrade-partners-with-global-coalition-for-social-justice\" target=\"_blank\" rel=\"noopener\">Fairtrade Internacional<\/a><\/p>","protected":false},"excerpt":{"rendered":"<p>BONN, Alemanha \u2013 Hoje, no Dia Mundial da Justi\u00e7a Social, a Fairtrade International tem o prazer de anunciar a sua parceria com a Coliga\u00e7\u00e3o Global para a Justi\u00e7a Social, uma iniciativa da Organiza\u00e7\u00e3o Internacional do Trabalho. A Coliga\u00e7\u00e3o Global para a Justi\u00e7a Social pretende intensificar os esfor\u00e7os coletivos para resolver urgentemente os d\u00e9fices de justi\u00e7a social e [\u2026]<\/p>","protected":false},"author":3,"featured_media":5080,"comment_status":"open","ping_status":"open","sticky":false,"template":"","format":"standard","meta":{"_acf_changed":false,"_ef_editorial_meta_date_first-draft-date":"","_ef_editorial_meta_paragraph_assignment":"","_ef_editorial_meta_checkbox_needs-photo":"","_ef_editorial_meta_number_word-count":"","footnotes":""},"categories":[148,150,151,156,1],"tags":[],"class_list":["post-5079","post","type-post","status-publish","format-standard","has-post-thumbnail","hentry","category-comercio-justo","category-derechos-de-los-trabajadores","category-ingresos-dignos","category-ods","category-uncategorized"],"acf":[],"yoast_head":"<!-- This site is optimized with the Yoast SEO plugin v27.5 - https:\/\/yoast.com\/product\/yoast-seo-wordpress\/ -->\n<title>Fairtrade se asocia con la Coalici\u00f3n Mundial para la Justicia Social | Fairtrade<\/title>\n<meta name=\"description\" content=\"Fairtrade se asocia con la Coalici\u00f3n Mundial para la Justicia Social\" \/>\n<meta name=\"robots\" content=\"index, follow, max-snippet:-1, max-image-preview:large, max-video-preview:-1\" \/>\n<link rel=\"canonical\" href=\"https:\/\/www.fairtrade.es\/pt\/o-comercio-justo-faz-parceria-com-a-coalizao-global-para-a-justica-social\/\" \/>\n<meta property=\"og:locale\" content=\"pt_PT\" \/>\n<meta property=\"og:type\" content=\"article\" \/>\n<meta property=\"og:title\" content=\"Fairtrade se asocia con la Coalici\u00f3n Mundial para la Justicia Social | Fairtrade\" \/>\n<meta property=\"og:description\" content=\"Fairtrade se asocia con la Coalici\u00f3n Mundial para la Justicia Social\" \/>\n<meta property=\"og:url\" content=\"https:\/\/www.fairtrade.es\/pt\/o-comercio-justo-faz-parceria-com-a-coalizao-global-para-a-justica-social\/\" \/>\n<meta property=\"og:site_name\" content=\"Fairtrade\" \/>\n<meta property=\"article:publisher\" content=\"https:\/\/www.facebook.com\/fairtradeiberica\" \/>\n<meta property=\"article:published_time\" content=\"2024-02-20T12:28:34+00:00\" \/>\n<meta property=\"article:modified_time\" content=\"2024-02-20T12:29:18+00:00\" \/>\n<meta property=\"og:image\" content=\"https:\/\/www.fairtrade.es\/wp-content\/uploads\/2024\/02\/20_Febrero_Linkedin_X.png\" \/>\n\t<meta property=\"og:image:width\" content=\"1200\" \/>\n\t<meta property=\"og:image:height\" content=\"670\" \/>\n\t<meta property=\"og:image:type\" content=\"image\/png\" \/>\n<meta name=\"author\" content=\"fairtrade\" \/>\n<meta name=\"twitter:card\" content=\"summary_large_image\" \/>\n<meta name=\"twitter:creator\" content=\"@fairtradeES\" \/>\n<meta name=\"twitter:site\" content=\"@fairtradeES\" \/>\n<meta name=\"twitter:label1\" content=\"Escrito por\" \/>\n\t<meta name=\"twitter:data1\" content=\"fairtrade\" \/>\n\t<meta name=\"twitter:label2\" content=\"Tempo estimado de leitura\" \/>\n\t<meta name=\"twitter:data2\" content=\"1 minuto\" \/>\n<script type=\"application\/ld+json\" class=\"yoast-schema-graph\">{\"@context\":\"https:\\\/\\\/schema.org\",\"@graph\":[{\"@type\":\"Article\",\"@id\":\"https:\\\/\\\/www.fairtrade.es\\\/fairtrade-se-asocia-con-la-coalicion-mundial-para-la-justicia-social\\\/#article\",\"isPartOf\":{\"@id\":\"https:\\\/\\\/www.fairtrade.es\\\/fairtrade-se-asocia-con-la-coalicion-mundial-para-la-justicia-social\\\/\"},\"author\":{\"name\":\"fairtrade\",\"@id\":\"https:\\\/\\\/www.fairtrade.es\\\/#\\\/schema\\\/person\\\/3f59e0ee8571f449c95f2ce8e340e4cc\"},\"headline\":\"Fairtrade se asocia con la Coalici\u00f3n Mundial para la Justicia Social\",\"datePublished\":\"2024-02-20T12:28:34+00:00\",\"dateModified\":\"2024-02-20T12:29:18+00:00\",\"mainEntityOfPage\":{\"@id\":\"https:\\\/\\\/www.fairtrade.es\\\/fairtrade-se-asocia-con-la-coalicion-mundial-para-la-justicia-social\\\/\"},\"wordCount\":232,\"commentCount\":0,\"publisher\":{\"@id\":\"https:\\\/\\\/www.fairtrade.es\\\/#organization\"},\"image\":{\"@id\":\"https:\\\/\\\/www.fairtrade.es\\\/fairtrade-se-asocia-con-la-coalicion-mundial-para-la-justicia-social\\\/#primaryimage\"},\"thumbnailUrl\":\"https:\\\/\\\/www.fairtrade.es\\\/wp-content\\\/uploads\\\/2024\\\/02\\\/20_Febrero_Linkedin_X.png\",\"articleSection\":[\"Comercio Justo\",\"Derechos de los trabajadores\",\"Ingresos Dignos\",\"ODS\",\"Uncategorized\"],\"inLanguage\":\"pt-PT\",\"potentialAction\":[{\"@type\":\"CommentAction\",\"name\":\"Comment\",\"target\":[\"https:\\\/\\\/www.fairtrade.es\\\/fairtrade-se-asocia-con-la-coalicion-mundial-para-la-justicia-social\\\/#respond\"]}]},{\"@type\":\"WebPage\",\"@id\":\"https:\\\/\\\/www.fairtrade.es\\\/fairtrade-se-asocia-con-la-coalicion-mundial-para-la-justicia-social\\\/\",\"url\":\"https:\\\/\\\/www.fairtrade.es\\\/fairtrade-se-asocia-con-la-coalicion-mundial-para-la-justicia-social\\\/\",\"name\":\"Fairtrade se asocia con la Coalici\u00f3n Mundial para la Justicia Social | Fairtrade\",\"isPartOf\":{\"@id\":\"https:\\\/\\\/www.fairtrade.es\\\/#website\"},\"primaryImageOfPage\":{\"@id\":\"https:\\\/\\\/www.fairtrade.es\\\/fairtrade-se-asocia-con-la-coalicion-mundial-para-la-justicia-social\\\/#primaryimage\"},\"image\":{\"@id\":\"https:\\\/\\\/www.fairtrade.es\\\/fairtrade-se-asocia-con-la-coalicion-mundial-para-la-justicia-social\\\/#primaryimage\"},\"thumbnailUrl\":\"https:\\\/\\\/www.fairtrade.es\\\/wp-content\\\/uploads\\\/2024\\\/02\\\/20_Febrero_Linkedin_X.png\",\"datePublished\":\"2024-02-20T12:28:34+00:00\",\"dateModified\":\"2024-02-20T12:29:18+00:00\",\"description\":\"Fairtrade se asocia con la Coalici\u00f3n Mundial para la Justicia Social\",\"breadcrumb\":{\"@id\":\"https:\\\/\\\/www.fairtrade.es\\\/fairtrade-se-asocia-con-la-coalicion-mundial-para-la-justicia-social\\\/#breadcrumb\"},\"inLanguage\":\"pt-PT\",\"potentialAction\":[{\"@type\":\"ReadAction\",\"target\":[\"https:\\\/\\\/www.fairtrade.es\\\/fairtrade-se-asocia-con-la-coalicion-mundial-para-la-justicia-social\\\/\"]}]},{\"@type\":\"ImageObject\",\"inLanguage\":\"pt-PT\",\"@id\":\"https:\\\/\\\/www.fairtrade.es\\\/fairtrade-se-asocia-con-la-coalicion-mundial-para-la-justicia-social\\\/#primaryimage\",\"url\":\"https:\\\/\\\/www.fairtrade.es\\\/wp-content\\\/uploads\\\/2024\\\/02\\\/20_Febrero_Linkedin_X.png\",\"contentUrl\":\"https:\\\/\\\/www.fairtrade.es\\\/wp-content\\\/uploads\\\/2024\\\/02\\\/20_Febrero_Linkedin_X.png\",\"width\":1200,\"height\":670},{\"@type\":\"BreadcrumbList\",\"@id\":\"https:\\\/\\\/www.fairtrade.es\\\/fairtrade-se-asocia-con-la-coalicion-mundial-para-la-justicia-social\\\/#breadcrumb\",\"itemListElement\":[{\"@type\":\"ListItem\",\"position\":1,\"name\":\"Portada\",\"item\":\"https:\\\/\\\/www.fairtrade.es\\\/\"},{\"@type\":\"ListItem\",\"position\":2,\"name\":\"Fairtrade se asocia con la Coalici\u00f3n Mundial para la Justicia Social\"}]},{\"@type\":\"WebSite\",\"@id\":\"https:\\\/\\\/www.fairtrade.es\\\/#website\",\"url\":\"https:\\\/\\\/www.fairtrade.es\\\/\",\"name\":\"Fairtrade\",\"description\":\"Sello l\u00edder de comercio justo\",\"publisher\":{\"@id\":\"https:\\\/\\\/www.fairtrade.es\\\/#organization\"},\"potentialAction\":[{\"@type\":\"SearchAction\",\"target\":{\"@type\":\"EntryPoint\",\"urlTemplate\":\"https:\\\/\\\/www.fairtrade.es\\\/?s={search_term_string}\"},\"query-input\":{\"@type\":\"PropertyValueSpecification\",\"valueRequired\":true,\"valueName\":\"search_term_string\"}}],\"inLanguage\":\"pt-PT\"},{\"@type\":\"Organization\",\"@id\":\"https:\\\/\\\/www.fairtrade.es\\\/#organization\",\"name\":\"Fairtrade Ib\u00e9rica\",\"url\":\"https:\\\/\\\/www.fairtrade.es\\\/\",\"logo\":{\"@type\":\"ImageObject\",\"inLanguage\":\"pt-PT\",\"@id\":\"https:\\\/\\\/www.fairtrade.es\\\/#\\\/schema\\\/logo\\\/image\\\/\",\"url\":\"https:\\\/\\\/www.fairtrade.es\\\/wp-content\\\/uploads\\\/2022\\\/03\\\/Fairtrade-iberica-logo.png\",\"contentUrl\":\"https:\\\/\\\/www.fairtrade.es\\\/wp-content\\\/uploads\\\/2022\\\/03\\\/Fairtrade-iberica-logo.png\",\"width\":340,\"height\":407,\"caption\":\"Fairtrade Ib\u00e9rica\"},\"image\":{\"@id\":\"https:\\\/\\\/www.fairtrade.es\\\/#\\\/schema\\\/logo\\\/image\\\/\"},\"sameAs\":[\"https:\\\/\\\/www.facebook.com\\\/fairtradeiberica\",\"https:\\\/\\\/x.com\\\/fairtradeES\",\"https:\\\/\\\/www.instagram.com\\\/fairtradeiberica\\\/\",\"https:\\\/\\\/www.linkedin.com\\\/company\\\/fairtrade-iberica\",\"https:\\\/\\\/www.youtube.com\\\/user\\\/sellofairtrade\"]},{\"@type\":\"Person\",\"@id\":\"https:\\\/\\\/www.fairtrade.es\\\/#\\\/schema\\\/person\\\/3f59e0ee8571f449c95f2ce8e340e4cc\",\"name\":\"fairtrade\",\"image\":{\"@type\":\"ImageObject\",\"inLanguage\":\"pt-PT\",\"@id\":\"https:\\\/\\\/secure.gravatar.com\\\/avatar\\\/4123eed37804ff1898f0b7afa824a3aab24b452d9e9ee086f86b4e2a85f3de29?s=96&d=mm&r=g\",\"url\":\"https:\\\/\\\/secure.gravatar.com\\\/avatar\\\/4123eed37804ff1898f0b7afa824a3aab24b452d9e9ee086f86b4e2a85f3de29?s=96&d=mm&r=g\",\"contentUrl\":\"https:\\\/\\\/secure.gravatar.com\\\/avatar\\\/4123eed37804ff1898f0b7afa824a3aab24b452d9e9ee086f86b4e2a85f3de29?s=96&d=mm&r=g\",\"caption\":\"fairtrade\"}}]}<\/script>\n<!-- \/ Yoast SEO plugin. -->","yoast_head_json":{"title":"Fairtrade se asocia con la Coalici\u00f3n Mundial para la Justicia Social | Fairtrade","description":"Fairtrade se asocia con la Coalici\u00f3n Mundial para la Justicia Social","robots":{"index":"index","follow":"follow","max-snippet":"max-snippet:-1","max-image-preview":"max-image-preview:large","max-video-preview":"max-video-preview:-1"},"canonical":"https:\/\/www.fairtrade.es\/pt\/o-comercio-justo-faz-parceria-com-a-coalizao-global-para-a-justica-social\/","og_locale":"pt_PT","og_type":"article","og_title":"Fairtrade se asocia con la Coalici\u00f3n Mundial para la Justicia Social | Fairtrade","og_description":"Fairtrade se asocia con la Coalici\u00f3n Mundial para la Justicia Social","og_url":"https:\/\/www.fairtrade.es\/pt\/o-comercio-justo-faz-parceria-com-a-coalizao-global-para-a-justica-social\/","og_site_name":"Fairtrade","article_publisher":"https:\/\/www.facebook.com\/fairtradeiberica","article_published_time":"2024-02-20T12:28:34+00:00","article_modified_time":"2024-02-20T12:29:18+00:00","og_image":[{"width":1200,"height":670,"url":"https:\/\/www.fairtrade.es\/wp-content\/uploads\/2024\/02\/20_Febrero_Linkedin_X.png","type":"image\/png"}],"author":"fairtrade","twitter_card":"summary_large_image","twitter_creator":"@fairtradeES","twitter_site":"@fairtradeES","twitter_misc":{"Escrito por":"fairtrade","Tempo estimado de leitura":"1 minuto"},"schema":{"@context":"https:\/\/schema.org","@graph":[{"@type":"Article","@id":"https:\/\/www.fairtrade.es\/fairtrade-se-asocia-con-la-coalicion-mundial-para-la-justicia-social\/#article","isPartOf":{"@id":"https:\/\/www.fairtrade.es\/fairtrade-se-asocia-con-la-coalicion-mundial-para-la-justicia-social\/"},"author":{"name":"fairtrade","@id":"https:\/\/www.fairtrade.es\/#\/schema\/person\/3f59e0ee8571f449c95f2ce8e340e4cc"},"headline":"Fairtrade se asocia con la Coalici\u00f3n Mundial para la Justicia Social","datePublished":"2024-02-20T12:28:34+00:00","dateModified":"2024-02-20T12:29:18+00:00","mainEntityOfPage":{"@id":"https:\/\/www.fairtrade.es\/fairtrade-se-asocia-con-la-coalicion-mundial-para-la-justicia-social\/"},"wordCount":232,"commentCount":0,"publisher":{"@id":"https:\/\/www.fairtrade.es\/#organization"},"image":{"@id":"https:\/\/www.fairtrade.es\/fairtrade-se-asocia-con-la-coalicion-mundial-para-la-justicia-social\/#primaryimage"},"thumbnailUrl":"https:\/\/www.fairtrade.es\/wp-content\/uploads\/2024\/02\/20_Febrero_Linkedin_X.png","articleSection":["Comercio Justo","Derechos de los trabajadores","Ingresos Dignos","ODS","Uncategorized"],"inLanguage":"pt-PT","potentialAction":[{"@type":"CommentAction","name":"Comment","target":["https:\/\/www.fairtrade.es\/fairtrade-se-asocia-con-la-coalicion-mundial-para-la-justicia-social\/#respond"]}]},{"@type":"WebPage","@id":"https:\/\/www.fairtrade.es\/fairtrade-se-asocia-con-la-coalicion-mundial-para-la-justicia-social\/","url":"https:\/\/www.fairtrade.es\/fairtrade-se-asocia-con-la-coalicion-mundial-para-la-justicia-social\/","name":"Fairtrade se asocia con la Coalici\u00f3n Mundial para la Justicia Social | Fairtrade","isPartOf":{"@id":"https:\/\/www.fairtrade.es\/#website"},"primaryImageOfPage":{"@id":"https:\/\/www.fairtrade.es\/fairtrade-se-asocia-con-la-coalicion-mundial-para-la-justicia-social\/#primaryimage"},"image":{"@id":"https:\/\/www.fairtrade.es\/fairtrade-se-asocia-con-la-coalicion-mundial-para-la-justicia-social\/#primaryimage"},"thumbnailUrl":"https:\/\/www.fairtrade.es\/wp-content\/uploads\/2024\/02\/20_Febrero_Linkedin_X.png","datePublished":"2024-02-20T12:28:34+00:00","dateModified":"2024-02-20T12:29:18+00:00","description":"Fairtrade se asocia con la Coalici\u00f3n Mundial para la Justicia Social","breadcrumb":{"@id":"https:\/\/www.fairtrade.es\/fairtrade-se-asocia-con-la-coalicion-mundial-para-la-justicia-social\/#breadcrumb"},"inLanguage":"pt-PT","potentialAction":[{"@type":"ReadAction","target":["https:\/\/www.fairtrade.es\/fairtrade-se-asocia-con-la-coalicion-mundial-para-la-justicia-social\/"]}]},{"@type":"ImageObject","inLanguage":"pt-PT","@id":"https:\/\/www.fairtrade.es\/fairtrade-se-asocia-con-la-coalicion-mundial-para-la-justicia-social\/#primaryimage","url":"https:\/\/www.fairtrade.es\/wp-content\/uploads\/2024\/02\/20_Febrero_Linkedin_X.png","contentUrl":"https:\/\/www.fairtrade.es\/wp-content\/uploads\/2024\/02\/20_Febrero_Linkedin_X.png","width":1200,"height":670},{"@type":"BreadcrumbList","@id":"https:\/\/www.fairtrade.es\/fairtrade-se-asocia-con-la-coalicion-mundial-para-la-justicia-social\/#breadcrumb","itemListElement":[{"@type":"ListItem","position":1,"name":"Portada","item":"https:\/\/www.fairtrade.es\/"},{"@type":"ListItem","position":2,"name":"Fairtrade se asocia con la Coalici\u00f3n Mundial para la Justicia Social"}]},{"@type":"WebSite","@id":"https:\/\/www.fairtrade.es\/#website","url":"https:\/\/www.fairtrade.es\/","name":"Fairtrade","description":"Sello l\u00edder de comercio justo","publisher":{"@id":"https:\/\/www.fairtrade.es\/#organization"},"potentialAction":[{"@type":"SearchAction","target":{"@type":"EntryPoint","urlTemplate":"https:\/\/www.fairtrade.es\/?s={search_term_string}"},"query-input":{"@type":"PropertyValueSpecification","valueRequired":true,"valueName":"search_term_string"}}],"inLanguage":"pt-PT"},{"@type":"Organization","@id":"https:\/\/www.fairtrade.es\/#organization","name":"Fairtrade Ib\u00e9rica","url":"https:\/\/www.fairtrade.es\/","logo":{"@type":"ImageObject","inLanguage":"pt-PT","@id":"https:\/\/www.fairtrade.es\/#\/schema\/logo\/image\/","url":"https:\/\/www.fairtrade.es\/wp-content\/uploads\/2022\/03\/Fairtrade-iberica-logo.png","contentUrl":"https:\/\/www.fairtrade.es\/wp-content\/uploads\/2022\/03\/Fairtrade-iberica-logo.png","width":340,"height":407,"caption":"Fairtrade Ib\u00e9rica"},"image":{"@id":"https:\/\/www.fairtrade.es\/#\/schema\/logo\/image\/"},"sameAs":["https:\/\/www.facebook.com\/fairtradeiberica","https:\/\/x.com\/fairtradeES","https:\/\/www.instagram.com\/fairtradeiberica\/","https:\/\/www.linkedin.com\/company\/fairtrade-iberica","https:\/\/www.youtube.com\/user\/sellofairtrade"]},{"@type":"Person","@id":"https:\/\/www.fairtrade.es\/#\/schema\/person\/3f59e0ee8571f449c95f2ce8e340e4cc","name":"fairtrade","image":{"@type":"ImageObject","inLanguage":"pt-PT","@id":"https:\/\/secure.gravatar.com\/avatar\/4123eed37804ff1898f0b7afa824a3aab24b452d9e9ee086f86b4e2a85f3de29?s=96&d=mm&r=g","url":"https:\/\/secure.gravatar.com\/avatar\/4123eed37804ff1898f0b7afa824a3aab24b452d9e9ee086f86b4e2a85f3de29?s=96&d=mm&r=g","contentUrl":"https:\/\/secure.gravatar.com\/avatar\/4123eed37804ff1898f0b7afa824a3aab24b452d9e9ee086f86b4e2a85f3de29?s=96&d=mm&r=g","caption":"fairtrade"}}]}},"_links":{"self":[{"href":"https:\/\/www.fairtrade.es\/pt\/wp-json\/wp\/v2\/posts\/5079","targetHints":{"allow":["GET"]}}],"collection":[{"href":"https:\/\/www.fairtrade.es\/pt\/wp-json\/wp\/v2\/posts"}],"about":[{"href":"https:\/\/www.fairtrade.es\/pt\/wp-json\/wp\/v2\/types\/post"}],"author":[{"embeddable":true,"href":"https:\/\/www.fairtrade.es\/pt\/wp-json\/wp\/v2\/users\/3"}],"replies":[{"embeddable":true,"href":"https:\/\/www.fairtrade.es\/pt\/wp-json\/wp\/v2\/comments?post=5079"}],"version-history":[{"count":2,"href":"https:\/\/www.fairtrade.es\/pt\/wp-json\/wp\/v2\/posts\/5079\/revisions"}],"predecessor-version":[{"id":5082,"href":"https:\/\/www.fairtrade.es\/pt\/wp-json\/wp\/v2\/posts\/5079\/revisions\/5082"}],"wp:featuredmedia":[{"embeddable":true,"href":"https:\/\/www.fairtrade.es\/pt\/wp-json\/wp\/v2\/media\/5080"}],"wp:attachment":[{"href":"https:\/\/www.fairtrade.es\/pt\/wp-json\/wp\/v2\/media?parent=5079"}],"wp:term":[{"taxonomy":"category","embeddable":true,"href":"https:\/\/www.fairtrade.es\/pt\/wp-json\/wp\/v2\/categories?post=5079"},{"taxonomy":"post_tag","embeddable":true,"href":"https:\/\/www.fairtrade.es\/pt\/wp-json\/wp\/v2\/tags?post=5079"}],"curies":[{"name":"wp","href":"https:\/\/api.w.org\/{rel}","templated":true}]}}