{"id":747,"date":"2021-10-27T10:51:00","date_gmt":"2021-10-27T10:51:00","guid":{"rendered":"https:\/\/www.fairtrade.es\/productores-de-comercio-justo-fairtrade-cada-vez-mas-amenazados-por-el-cambio-climatico\/"},"modified":"2023-12-27T15:44:17","modified_gmt":"2023-12-27T13:44:17","slug":"productores-de-comercio-justo-fairtrade-cada-vez-mas-amenazados-por-el-cambio-climatico","status":"publish","type":"post","link":"https:\/\/www.fairtrade.es\/pt\/produtores-de-comercio-justo-cada-vez-mais-ameacados-pelas-mudancas-climaticas\/","title":{"rendered":"Produtores Fairtrade cada vez mais amea\u00e7ados pelas mudan\u00e7as clim\u00e1ticas"},"content":{"rendered":"<div style=\"text-align: justify;\">\n<p><strong><em>A intensifica\u00e7\u00e3o dos impactos das mudan\u00e7as clim\u00e1ticas representa um s\u00e9rio risco para a produ\u00e7\u00e3o agr\u00edcola global e amea\u00e7a diretamente os meios de subsist\u00eancia de milh\u00f5es de agricultores Comercio Justo em todo o mundo, revelou um novo estudo Comercio Justo Fairtrade, acrescentando que est\u00e1 aumentando o investimento em medidas de adapta\u00e7\u00e3o e resili\u00eancia ao clima, essenciais se voc\u00ea querem evitar uma queda na renda dos produtores de Comercio Justo.<\/em><\/strong><\/p>\n<p><img decoding=\"async\" style=\"width: 450px; height: 300px;\" src=\"http:\/\/www.fairtrade.es\/wp-content\/uploads\/2022\/03\/15285-1.jpg\" alt=\"\" \/><\/p>\n<\/div>\n<div>\n<p>continue lendo <a href=\"https:\/\/www.fairtrade.es\/pt\/news\/es\/2021\/10\/27\/0002\/produtores-de-comercio-justo-cada-vez-mais-ameacados-pelas-mudancas-climaticas\/\">Comercio Justo Fairtrade produtores cada vez mais amea\u00e7ados pelas mudan\u00e7as clim\u00e1ticas<\/a><\/p>\n<\/div>\n<div>\n<div style=\"text-align: justify;\">\n<p>Lan\u00e7ado antes da Confer\u00eancia das Na\u00e7\u00f5es Unidas sobre Mudan\u00e7as Clim\u00e1ticas de 2021, tamb\u00e9m conhecida como COP26, <a href=\"https:\/\/www.fairtrade.net\/library\/fairtrade-and-climate-change-systematic-review-hotspot-analysis-and-survey\" target=\"_blank\" rel=\"noopener\">o relat\u00f3rio, intitulado Comercio Justo and Climate Change, por pesquisadores da VU Amsterdam e da Universidade de Ci\u00eancias Aplicadas de Berna<\/a>, pinta um quadro sombrio do futuro para alguns pa\u00edses do mundo. Bens queridos, incluindo bananas, caf\u00e9 e cacau, identificam explicitamente como as mudan\u00e7as clim\u00e1ticas afetar\u00e3o culturas e regi\u00f5es espec\u00edficas de diferentes maneiras.<\/p>\n<p>O estudo, que foi apoiado por financiamento da Uni\u00e3o Europeia, sugere que milh\u00f5es de agricultores podem estar em risco de colapso financeiro, j\u00e1 que seus meios de subsist\u00eancia est\u00e3o sob crescente press\u00e3o clim\u00e1tica.<\/p>\n<p><em>&quot;Os resultados do relat\u00f3rio s\u00e3o extremamente alarmantes e um alerta para uma a\u00e7\u00e3o clim\u00e1tica imediata e abrangente&quot;, disse. <\/em>alertou o Dr. Nyagoy Nyong&#039;o, CEO Global da Fairtrade. <em>\u201cA amea\u00e7a ao futuro de muitas cadeias de suprimentos \u00e9 muito real e os agricultores e trabalhadores rurais do nosso planeta est\u00e3o na linha de frente desta crise clim\u00e1tica global. Devemos fazer tudo o que pudermos para garantir que eles n\u00e3o sejam deixados para tr\u00e1s e que sejam parte da solu\u00e7\u00e3o.&quot;<\/em><\/p>\n<p>De acordo com as descobertas do estudo, os padr\u00f5es clim\u00e1ticos dram\u00e1ticos impulsionados pelas mudan\u00e7as clim\u00e1ticas provavelmente afetar\u00e3o severamente a produ\u00e7\u00e3o agr\u00edcola em regi\u00f5es-chave ao redor do mundo, da Am\u00e9rica Latina \u00e0 \u00c1sia-Pac\u00edfico. Os produtores de banana no Caribe e na Am\u00e9rica Central, por exemplo, devem enfrentar menos chuvas e temperaturas mais extremas, enquanto os do Sudeste Asi\u00e1tico e da Oceania ter\u00e3o um risco maior de ciclones tropicais. Por sua vez, os cafeicultores do Brasil, Am\u00e9rica Central e sul da \u00cdndia poder\u00e3o em breve encontrar picos de temperatura combinados com a seca, afetando diretamente a produ\u00e7\u00e3o de caf\u00e9 Comercio Justo. Enquanto isso, na Rep\u00fablica Dominicana e no Peru, bem como em partes da \u00c1frica Ocidental, os produtores de cacau provavelmente passar\u00e3o por per\u00edodos de clima mais quente e seco, enquanto seus pares no leste de Gana e no norte da Costa do Marfim podem enfrentar chuvas mais fortes.<\/p>\n<p>Outros produtos certificados Fairtrade tamb\u00e9m est\u00e3o em risco, de acordo com o estudo. Os produtores de cana-de-a\u00e7\u00facar no Sudeste Asi\u00e1tico podem enfrentar um aumento da seca e do estresse t\u00e9rmico. Condi\u00e7\u00f5es semelhantes podem afetar em breve a produ\u00e7\u00e3o de ch\u00e1 tamb\u00e9m na \u00c1sia e na \u00c1frica, com os produtores da \u00c1sia e do Malawi e da Tanz\u00e2nia esperados a serem afetados mais severamente.<\/p>\n<p><em>\u201cEmbora os impactos variem de acordo com a cultura e a localiza\u00e7\u00e3o, o relat\u00f3rio conclui que a maioria das regi\u00f5es experimentar\u00e1 dias extremamente quentes consideravelmente mais\u201d,<\/em> explicou \u017diga Malek, professor assistente de uso da terra e din\u00e2mica de ecossistemas na VU Amsterdam e pesquisador principal do relat\u00f3rio.<em> \u201cEm algumas \u00e1reas, isso tornar\u00e1 a produ\u00e7\u00e3o agr\u00edcola muito dif\u00edcil ou imposs\u00edvel em um futuro pr\u00f3ximo, colocando um estresse adicional nos produtores e trabalhadores rurais\u201d.<\/em><\/p>\n<p>O impacto do clima na produ\u00e7\u00e3o agr\u00edcola e no futuro dos alimentos \u00e9 bem conhecido e commodities como o caf\u00e9 est\u00e3o h\u00e1 muito tempo no centro das aten\u00e7\u00f5es do clima. Estudos sugerem que at\u00e9 2050, de fato, at\u00e9 metade das terras do mundo atualmente usadas para cultivar caf\u00e9 podem n\u00e3o ser vi\u00e1veis. No entanto, raramente a liga\u00e7\u00e3o entre as mudan\u00e7as clim\u00e1ticas e os meios de subsist\u00eancia de milh\u00f5es de agricultores e trabalhadores rurais foi estabelecida com detalhes t\u00e3o impressionantes.<\/p>\n<p>Por meio de entrevistas e uma pesquisa com produtores, o estudo tamb\u00e9m realizou uma an\u00e1lise aprofundada das percep\u00e7\u00f5es e a\u00e7\u00f5es dos produtores de caf\u00e9, ch\u00e1 e especiarias na \u00cdndia e produtores de cacau em Gana, dando uma importante contribui\u00e7\u00e3o para as discuss\u00f5es sobre o clima ao incluir os pontos de vista e prioridades de agricultores e como eles vivenciam as mudan\u00e7as clim\u00e1ticas em suas comunidades.<\/p>\n<p><em>\u201cA forma como as mudan\u00e7as clim\u00e1ticas afetam o planeta \u00e9 extraordinariamente complexa. Este relat\u00f3rio oferece uma quantidade impressionante de dados clim\u00e1ticos e proje\u00e7\u00f5es que ilustram a realidade das paisagens onde agricultores e trabalhadores est\u00e3o produzindo sob os termos do Fairtrade e os crescentes desafios que enfrentam se a comunidade internacional continuar a falhar.\u201d <\/em>disse Juan Pablo Sol\u00eds, Assessor S\u00eanior de Clima e Meio Ambiente da Fairtrade.<\/p>\n<p>Nos \u00faltimos anos, a certifica\u00e7\u00e3o Fairtrade fortaleceu seus requisitos de Padr\u00f5es e aumentou o foco program\u00e1tico em quest\u00f5es ambientais e mudan\u00e7as clim\u00e1ticas por meio de suas Academias Clim\u00e1ticas Fairtrade e projetos espec\u00edficos com produtores Fairtrade. No entanto, Sol\u00eds destacou que a magnitude da crise clim\u00e1tica exigia <em>&quot;Cada vez mais parcerias para ajudar os produtores a enfrentar em conjunto os enormes desafios que se avizinham.&quot;<\/em><\/p>\n<p><em>\u201cA comunidade internacional deve se unir em torno dos produtores e se engajar de frente na a\u00e7\u00e3o clim\u00e1tica\u201d. <\/em>Solis continuou. <em>\u201cE isso precisa ser feito apoiando a resili\u00eancia clim\u00e1tica e medidas de adapta\u00e7\u00e3o para garantir que os meios de subsist\u00eancia dos agricultores sejam protegidos e o meio ambiente\u201d.<\/em><\/p>\n<p>Com base em suas descobertas, o relat\u00f3rio Comercio Justo e Mudan\u00e7as Clim\u00e1ticas aponta para a necessidade de a comunidade internacional apoiar financeiramente os produtores para se adaptarem \u00e0s mudan\u00e7as clim\u00e1ticas por meio de abordagens espec\u00edficas ao contexto, que v\u00e3o desde agroflorestas e gest\u00e3o aprimorada de \u00e1rvores de sombra a cobertura morta e diversifica\u00e7\u00e3o de culturas.<\/p>\n<p>No entanto, de acordo com Juan Pablo Sol\u00eds, as medidas de adapta\u00e7\u00e3o e resili\u00eancia exigem &#039;grandes investimentos&#039; e onerar produtores e trabalhadores agr\u00edcolas com os custos de tais medidas \u00e9<em> \u201cOutra injusti\u00e7a que eles n\u00e3o deveriam ter que tolerar, principalmente porque as comunidades agr\u00edcolas dos produtores de Fairtrade contribu\u00edram menos para as mudan\u00e7as clim\u00e1ticas em primeiro lugar\u201d.<\/em><\/p>\n<p>Realizada em Glasgow, Esc\u00f3cia, de 31 de outubro a 12 de novembro de 2021, a COP26 reunir\u00e1 l\u00edderes mundiais e principais partes interessadas para discutir as ambi\u00e7\u00f5es clim\u00e1ticas da comunidade internacional e um caminho para reconstruir de forma sustent\u00e1vel ap\u00f3s os estragos da pandemia de COVID-19.<\/p>\n<p><a href=\"https:\/\/www.fairtrade.net\/news\/keep-your-promises-cop26-climate-call\" target=\"_blank\" rel=\"noopener\">O Fairtrade e o movimento Comercio Justo tamb\u00e9m estar\u00e3o em Glasgow defendendo os direitos dos agricultores e trabalhadores rurais por meio de uma s\u00e9rie de iniciativas, incluindo uma peti\u00e7\u00e3o global pedindo financiamento clim\u00e1tico para agricultores e uma campanha Comercio Justo Fairtrade Youth Ambassador. suas delega\u00e7\u00f5es.<\/a><\/p>\n<p><em>\u201cO rel\u00f3gio est\u00e1 correndo para a a\u00e7\u00e3o clim\u00e1tica e a janela para um amanh\u00e3 mais justo, mais verde e mais sustent\u00e1vel est\u00e1 se fechando rapidamente\u201d.<\/em> disse o Dr. Nyagoy Nyong&#039;o. <em>\u201cE as vozes daqueles que exigem justi\u00e7a est\u00e3o se tornando mais altas e mais urgentes. A hora de agir \u00e9 agora.&quot;<\/em><\/p>\n<\/div>\n<\/div>","protected":false},"excerpt":{"rendered":"<p>A intensifica\u00e7\u00e3o dos impactos das mudan\u00e7as clim\u00e1ticas representa um s\u00e9rio risco para a produ\u00e7\u00e3o agr\u00edcola global e amea\u00e7a diretamente os meios de subsist\u00eancia de milh\u00f5es de agricultores Comercio Justo em todo o mundo, revelou um novo estudo da Comercio Justo Fairtrade, acrescentando que o aumento do investimento em medidas de [\u2026]<\/p>","protected":false},"author":1,"featured_media":749,"comment_status":"open","ping_status":"open","sticky":false,"template":"","format":"standard","meta":{"_acf_changed":false,"_ef_editorial_meta_date_first-draft-date":"","_ef_editorial_meta_paragraph_assignment":"","_ef_editorial_meta_checkbox_needs-photo":"","_ef_editorial_meta_number_word-count":"","footnotes":""},"categories":[163,153,152,165,161,1],"tags":[],"class_list":["post-747","post","type-post","status-publish","format-standard","has-post-thumbnail","hentry","category-cafe","category-cop","category-medioambiente-y-clima","category-otros-productos","category-productos","category-uncategorized"],"acf":[],"yoast_head":"<!-- This site is optimized with the Yoast SEO plugin v27.5 - https:\/\/yoast.com\/product\/yoast-seo-wordpress\/ -->\n<title>Productores Fairtrade cada vez m\u00e1s amenazados por el cambio clim\u00e1tico | Fairtrade<\/title>\n<meta name=\"description\" content=\"Productores Fairtrade cada vez m\u00e1s amenazados por el cambio clim\u00e1tico\" \/>\n<meta name=\"robots\" content=\"index, follow, max-snippet:-1, max-image-preview:large, max-video-preview:-1\" \/>\n<link rel=\"canonical\" href=\"https:\/\/www.fairtrade.es\/pt\/produtores-de-comercio-justo-cada-vez-mais-ameacados-pelas-mudancas-climaticas\/\" \/>\n<meta property=\"og:locale\" content=\"pt_PT\" \/>\n<meta property=\"og:type\" content=\"article\" \/>\n<meta property=\"og:title\" content=\"Productores Fairtrade cada vez m\u00e1s amenazados por el cambio clim\u00e1tico | Fairtrade\" \/>\n<meta property=\"og:description\" content=\"Productores Fairtrade cada vez m\u00e1s amenazados por el cambio clim\u00e1tico\" \/>\n<meta property=\"og:url\" content=\"https:\/\/www.fairtrade.es\/pt\/produtores-de-comercio-justo-cada-vez-mais-ameacados-pelas-mudancas-climaticas\/\" \/>\n<meta property=\"og:site_name\" content=\"Fairtrade\" \/>\n<meta property=\"article:publisher\" content=\"https:\/\/www.facebook.com\/fairtradeiberica\" \/>\n<meta property=\"article:published_time\" content=\"2021-10-27T10:51:00+00:00\" \/>\n<meta property=\"article:modified_time\" content=\"2023-12-27T13:44:17+00:00\" \/>\n<meta property=\"og:image\" content=\"https:\/\/www.fairtrade.es\/wp-content\/uploads\/2022\/03\/15285-2.jpg\" \/>\n\t<meta property=\"og:image:width\" content=\"450\" \/>\n\t<meta property=\"og:image:height\" content=\"300\" \/>\n\t<meta property=\"og:image:type\" content=\"image\/jpeg\" \/>\n<meta name=\"author\" content=\"senda\" \/>\n<meta name=\"twitter:card\" content=\"summary_large_image\" \/>\n<meta name=\"twitter:creator\" content=\"@fairtradeES\" \/>\n<meta name=\"twitter:site\" content=\"@fairtradeES\" \/>\n<meta name=\"twitter:label1\" content=\"Escrito por\" \/>\n\t<meta name=\"twitter:data1\" content=\"senda\" \/>\n\t<meta name=\"twitter:label2\" content=\"Tempo estimado de leitura\" \/>\n\t<meta name=\"twitter:data2\" content=\"7 minutos\" \/>\n<script type=\"application\/ld+json\" class=\"yoast-schema-graph\">{\"@context\":\"https:\\\/\\\/schema.org\",\"@graph\":[{\"@type\":\"Article\",\"@id\":\"https:\\\/\\\/www.fairtrade.es\\\/productores-de-comercio-justo-fairtrade-cada-vez-mas-amenazados-por-el-cambio-climatico\\\/#article\",\"isPartOf\":{\"@id\":\"https:\\\/\\\/www.fairtrade.es\\\/productores-de-comercio-justo-fairtrade-cada-vez-mas-amenazados-por-el-cambio-climatico\\\/\"},\"author\":{\"name\":\"senda\",\"@id\":\"https:\\\/\\\/www.fairtrade.es\\\/#\\\/schema\\\/person\\\/2a8f05ec3db305005bb877b1b1fbb144\"},\"headline\":\"Productores Fairtrade cada vez m\u00e1s amenazados por el cambio clim\u00e1tico\",\"datePublished\":\"2021-10-27T10:51:00+00:00\",\"dateModified\":\"2023-12-27T13:44:17+00:00\",\"mainEntityOfPage\":{\"@id\":\"https:\\\/\\\/www.fairtrade.es\\\/productores-de-comercio-justo-fairtrade-cada-vez-mas-amenazados-por-el-cambio-climatico\\\/\"},\"wordCount\":1389,\"commentCount\":0,\"publisher\":{\"@id\":\"https:\\\/\\\/www.fairtrade.es\\\/#organization\"},\"image\":{\"@id\":\"https:\\\/\\\/www.fairtrade.es\\\/productores-de-comercio-justo-fairtrade-cada-vez-mas-amenazados-por-el-cambio-climatico\\\/#primaryimage\"},\"thumbnailUrl\":\"https:\\\/\\\/www.fairtrade.es\\\/wp-content\\\/uploads\\\/2022\\\/03\\\/15285-2.jpg\",\"articleSection\":[\"Caf\u00e9\",\"COP\",\"Medioambiente y Clima\",\"Otros productos\",\"Productos\",\"Uncategorized\"],\"inLanguage\":\"pt-PT\",\"potentialAction\":[{\"@type\":\"CommentAction\",\"name\":\"Comment\",\"target\":[\"https:\\\/\\\/www.fairtrade.es\\\/productores-de-comercio-justo-fairtrade-cada-vez-mas-amenazados-por-el-cambio-climatico\\\/#respond\"]}]},{\"@type\":\"WebPage\",\"@id\":\"https:\\\/\\\/www.fairtrade.es\\\/productores-de-comercio-justo-fairtrade-cada-vez-mas-amenazados-por-el-cambio-climatico\\\/\",\"url\":\"https:\\\/\\\/www.fairtrade.es\\\/productores-de-comercio-justo-fairtrade-cada-vez-mas-amenazados-por-el-cambio-climatico\\\/\",\"name\":\"Productores Fairtrade cada vez m\u00e1s amenazados por el cambio clim\u00e1tico | Fairtrade\",\"isPartOf\":{\"@id\":\"https:\\\/\\\/www.fairtrade.es\\\/#website\"},\"primaryImageOfPage\":{\"@id\":\"https:\\\/\\\/www.fairtrade.es\\\/productores-de-comercio-justo-fairtrade-cada-vez-mas-amenazados-por-el-cambio-climatico\\\/#primaryimage\"},\"image\":{\"@id\":\"https:\\\/\\\/www.fairtrade.es\\\/productores-de-comercio-justo-fairtrade-cada-vez-mas-amenazados-por-el-cambio-climatico\\\/#primaryimage\"},\"thumbnailUrl\":\"https:\\\/\\\/www.fairtrade.es\\\/wp-content\\\/uploads\\\/2022\\\/03\\\/15285-2.jpg\",\"datePublished\":\"2021-10-27T10:51:00+00:00\",\"dateModified\":\"2023-12-27T13:44:17+00:00\",\"description\":\"Productores Fairtrade cada vez m\u00e1s amenazados por el cambio clim\u00e1tico\",\"breadcrumb\":{\"@id\":\"https:\\\/\\\/www.fairtrade.es\\\/productores-de-comercio-justo-fairtrade-cada-vez-mas-amenazados-por-el-cambio-climatico\\\/#breadcrumb\"},\"inLanguage\":\"pt-PT\",\"potentialAction\":[{\"@type\":\"ReadAction\",\"target\":[\"https:\\\/\\\/www.fairtrade.es\\\/productores-de-comercio-justo-fairtrade-cada-vez-mas-amenazados-por-el-cambio-climatico\\\/\"]}]},{\"@type\":\"ImageObject\",\"inLanguage\":\"pt-PT\",\"@id\":\"https:\\\/\\\/www.fairtrade.es\\\/productores-de-comercio-justo-fairtrade-cada-vez-mas-amenazados-por-el-cambio-climatico\\\/#primaryimage\",\"url\":\"https:\\\/\\\/www.fairtrade.es\\\/wp-content\\\/uploads\\\/2022\\\/03\\\/15285-2.jpg\",\"contentUrl\":\"https:\\\/\\\/www.fairtrade.es\\\/wp-content\\\/uploads\\\/2022\\\/03\\\/15285-2.jpg\",\"width\":450,\"height\":300},{\"@type\":\"BreadcrumbList\",\"@id\":\"https:\\\/\\\/www.fairtrade.es\\\/productores-de-comercio-justo-fairtrade-cada-vez-mas-amenazados-por-el-cambio-climatico\\\/#breadcrumb\",\"itemListElement\":[{\"@type\":\"ListItem\",\"position\":1,\"name\":\"Portada\",\"item\":\"https:\\\/\\\/www.fairtrade.es\\\/\"},{\"@type\":\"ListItem\",\"position\":2,\"name\":\"Productores Fairtrade cada vez m\u00e1s amenazados por el cambio clim\u00e1tico\"}]},{\"@type\":\"WebSite\",\"@id\":\"https:\\\/\\\/www.fairtrade.es\\\/#website\",\"url\":\"https:\\\/\\\/www.fairtrade.es\\\/\",\"name\":\"Fairtrade\",\"description\":\"Sello l\u00edder de comercio justo\",\"publisher\":{\"@id\":\"https:\\\/\\\/www.fairtrade.es\\\/#organization\"},\"potentialAction\":[{\"@type\":\"SearchAction\",\"target\":{\"@type\":\"EntryPoint\",\"urlTemplate\":\"https:\\\/\\\/www.fairtrade.es\\\/?s={search_term_string}\"},\"query-input\":{\"@type\":\"PropertyValueSpecification\",\"valueRequired\":true,\"valueName\":\"search_term_string\"}}],\"inLanguage\":\"pt-PT\"},{\"@type\":\"Organization\",\"@id\":\"https:\\\/\\\/www.fairtrade.es\\\/#organization\",\"name\":\"Fairtrade Ib\u00e9rica\",\"url\":\"https:\\\/\\\/www.fairtrade.es\\\/\",\"logo\":{\"@type\":\"ImageObject\",\"inLanguage\":\"pt-PT\",\"@id\":\"https:\\\/\\\/www.fairtrade.es\\\/#\\\/schema\\\/logo\\\/image\\\/\",\"url\":\"https:\\\/\\\/www.fairtrade.es\\\/wp-content\\\/uploads\\\/2022\\\/03\\\/Fairtrade-iberica-logo.png\",\"contentUrl\":\"https:\\\/\\\/www.fairtrade.es\\\/wp-content\\\/uploads\\\/2022\\\/03\\\/Fairtrade-iberica-logo.png\",\"width\":340,\"height\":407,\"caption\":\"Fairtrade Ib\u00e9rica\"},\"image\":{\"@id\":\"https:\\\/\\\/www.fairtrade.es\\\/#\\\/schema\\\/logo\\\/image\\\/\"},\"sameAs\":[\"https:\\\/\\\/www.facebook.com\\\/fairtradeiberica\",\"https:\\\/\\\/x.com\\\/fairtradeES\",\"https:\\\/\\\/www.instagram.com\\\/fairtradeiberica\\\/\",\"https:\\\/\\\/www.linkedin.com\\\/company\\\/fairtrade-iberica\",\"https:\\\/\\\/www.youtube.com\\\/user\\\/sellofairtrade\"]},{\"@type\":\"Person\",\"@id\":\"https:\\\/\\\/www.fairtrade.es\\\/#\\\/schema\\\/person\\\/2a8f05ec3db305005bb877b1b1fbb144\",\"name\":\"senda\",\"image\":{\"@type\":\"ImageObject\",\"inLanguage\":\"pt-PT\",\"@id\":\"https:\\\/\\\/secure.gravatar.com\\\/avatar\\\/2ad25152d66ab68f233ff1e771f5f5b61808045f5b306f63250027046f2b84c4?s=96&d=mm&r=g\",\"url\":\"https:\\\/\\\/secure.gravatar.com\\\/avatar\\\/2ad25152d66ab68f233ff1e771f5f5b61808045f5b306f63250027046f2b84c4?s=96&d=mm&r=g\",\"contentUrl\":\"https:\\\/\\\/secure.gravatar.com\\\/avatar\\\/2ad25152d66ab68f233ff1e771f5f5b61808045f5b306f63250027046f2b84c4?s=96&d=mm&r=g\",\"caption\":\"senda\"},\"sameAs\":[\"http:\\\/\\\/localhost:8888\\\/fairtade\"]}]}<\/script>\n<!-- \/ Yoast SEO plugin. -->","yoast_head_json":{"title":"Productores Fairtrade cada vez m\u00e1s amenazados por el cambio clim\u00e1tico | Fairtrade","description":"Productores Fairtrade cada vez m\u00e1s amenazados por el cambio clim\u00e1tico","robots":{"index":"index","follow":"follow","max-snippet":"max-snippet:-1","max-image-preview":"max-image-preview:large","max-video-preview":"max-video-preview:-1"},"canonical":"https:\/\/www.fairtrade.es\/pt\/produtores-de-comercio-justo-cada-vez-mais-ameacados-pelas-mudancas-climaticas\/","og_locale":"pt_PT","og_type":"article","og_title":"Productores Fairtrade cada vez m\u00e1s amenazados por el cambio clim\u00e1tico | Fairtrade","og_description":"Productores Fairtrade cada vez m\u00e1s amenazados por el cambio clim\u00e1tico","og_url":"https:\/\/www.fairtrade.es\/pt\/produtores-de-comercio-justo-cada-vez-mais-ameacados-pelas-mudancas-climaticas\/","og_site_name":"Fairtrade","article_publisher":"https:\/\/www.facebook.com\/fairtradeiberica","article_published_time":"2021-10-27T10:51:00+00:00","article_modified_time":"2023-12-27T13:44:17+00:00","og_image":[{"width":450,"height":300,"url":"https:\/\/www.fairtrade.es\/wp-content\/uploads\/2022\/03\/15285-2.jpg","type":"image\/jpeg"}],"author":"senda","twitter_card":"summary_large_image","twitter_creator":"@fairtradeES","twitter_site":"@fairtradeES","twitter_misc":{"Escrito por":"senda","Tempo estimado de leitura":"7 minutos"},"schema":{"@context":"https:\/\/schema.org","@graph":[{"@type":"Article","@id":"https:\/\/www.fairtrade.es\/productores-de-comercio-justo-fairtrade-cada-vez-mas-amenazados-por-el-cambio-climatico\/#article","isPartOf":{"@id":"https:\/\/www.fairtrade.es\/productores-de-comercio-justo-fairtrade-cada-vez-mas-amenazados-por-el-cambio-climatico\/"},"author":{"name":"senda","@id":"https:\/\/www.fairtrade.es\/#\/schema\/person\/2a8f05ec3db305005bb877b1b1fbb144"},"headline":"Productores Fairtrade cada vez m\u00e1s amenazados por el cambio clim\u00e1tico","datePublished":"2021-10-27T10:51:00+00:00","dateModified":"2023-12-27T13:44:17+00:00","mainEntityOfPage":{"@id":"https:\/\/www.fairtrade.es\/productores-de-comercio-justo-fairtrade-cada-vez-mas-amenazados-por-el-cambio-climatico\/"},"wordCount":1389,"commentCount":0,"publisher":{"@id":"https:\/\/www.fairtrade.es\/#organization"},"image":{"@id":"https:\/\/www.fairtrade.es\/productores-de-comercio-justo-fairtrade-cada-vez-mas-amenazados-por-el-cambio-climatico\/#primaryimage"},"thumbnailUrl":"https:\/\/www.fairtrade.es\/wp-content\/uploads\/2022\/03\/15285-2.jpg","articleSection":["Caf\u00e9","COP","Medioambiente y Clima","Otros productos","Productos","Uncategorized"],"inLanguage":"pt-PT","potentialAction":[{"@type":"CommentAction","name":"Comment","target":["https:\/\/www.fairtrade.es\/productores-de-comercio-justo-fairtrade-cada-vez-mas-amenazados-por-el-cambio-climatico\/#respond"]}]},{"@type":"WebPage","@id":"https:\/\/www.fairtrade.es\/productores-de-comercio-justo-fairtrade-cada-vez-mas-amenazados-por-el-cambio-climatico\/","url":"https:\/\/www.fairtrade.es\/productores-de-comercio-justo-fairtrade-cada-vez-mas-amenazados-por-el-cambio-climatico\/","name":"Productores Fairtrade cada vez m\u00e1s amenazados por el cambio clim\u00e1tico | Fairtrade","isPartOf":{"@id":"https:\/\/www.fairtrade.es\/#website"},"primaryImageOfPage":{"@id":"https:\/\/www.fairtrade.es\/productores-de-comercio-justo-fairtrade-cada-vez-mas-amenazados-por-el-cambio-climatico\/#primaryimage"},"image":{"@id":"https:\/\/www.fairtrade.es\/productores-de-comercio-justo-fairtrade-cada-vez-mas-amenazados-por-el-cambio-climatico\/#primaryimage"},"thumbnailUrl":"https:\/\/www.fairtrade.es\/wp-content\/uploads\/2022\/03\/15285-2.jpg","datePublished":"2021-10-27T10:51:00+00:00","dateModified":"2023-12-27T13:44:17+00:00","description":"Productores Fairtrade cada vez m\u00e1s amenazados por el cambio clim\u00e1tico","breadcrumb":{"@id":"https:\/\/www.fairtrade.es\/productores-de-comercio-justo-fairtrade-cada-vez-mas-amenazados-por-el-cambio-climatico\/#breadcrumb"},"inLanguage":"pt-PT","potentialAction":[{"@type":"ReadAction","target":["https:\/\/www.fairtrade.es\/productores-de-comercio-justo-fairtrade-cada-vez-mas-amenazados-por-el-cambio-climatico\/"]}]},{"@type":"ImageObject","inLanguage":"pt-PT","@id":"https:\/\/www.fairtrade.es\/productores-de-comercio-justo-fairtrade-cada-vez-mas-amenazados-por-el-cambio-climatico\/#primaryimage","url":"https:\/\/www.fairtrade.es\/wp-content\/uploads\/2022\/03\/15285-2.jpg","contentUrl":"https:\/\/www.fairtrade.es\/wp-content\/uploads\/2022\/03\/15285-2.jpg","width":450,"height":300},{"@type":"BreadcrumbList","@id":"https:\/\/www.fairtrade.es\/productores-de-comercio-justo-fairtrade-cada-vez-mas-amenazados-por-el-cambio-climatico\/#breadcrumb","itemListElement":[{"@type":"ListItem","position":1,"name":"Portada","item":"https:\/\/www.fairtrade.es\/"},{"@type":"ListItem","position":2,"name":"Productores Fairtrade cada vez m\u00e1s amenazados por el cambio clim\u00e1tico"}]},{"@type":"WebSite","@id":"https:\/\/www.fairtrade.es\/#website","url":"https:\/\/www.fairtrade.es\/","name":"Fairtrade","description":"Sello l\u00edder de comercio justo","publisher":{"@id":"https:\/\/www.fairtrade.es\/#organization"},"potentialAction":[{"@type":"SearchAction","target":{"@type":"EntryPoint","urlTemplate":"https:\/\/www.fairtrade.es\/?s={search_term_string}"},"query-input":{"@type":"PropertyValueSpecification","valueRequired":true,"valueName":"search_term_string"}}],"inLanguage":"pt-PT"},{"@type":"Organization","@id":"https:\/\/www.fairtrade.es\/#organization","name":"Fairtrade Ib\u00e9rica","url":"https:\/\/www.fairtrade.es\/","logo":{"@type":"ImageObject","inLanguage":"pt-PT","@id":"https:\/\/www.fairtrade.es\/#\/schema\/logo\/image\/","url":"https:\/\/www.fairtrade.es\/wp-content\/uploads\/2022\/03\/Fairtrade-iberica-logo.png","contentUrl":"https:\/\/www.fairtrade.es\/wp-content\/uploads\/2022\/03\/Fairtrade-iberica-logo.png","width":340,"height":407,"caption":"Fairtrade Ib\u00e9rica"},"image":{"@id":"https:\/\/www.fairtrade.es\/#\/schema\/logo\/image\/"},"sameAs":["https:\/\/www.facebook.com\/fairtradeiberica","https:\/\/x.com\/fairtradeES","https:\/\/www.instagram.com\/fairtradeiberica\/","https:\/\/www.linkedin.com\/company\/fairtrade-iberica","https:\/\/www.youtube.com\/user\/sellofairtrade"]},{"@type":"Person","@id":"https:\/\/www.fairtrade.es\/#\/schema\/person\/2a8f05ec3db305005bb877b1b1fbb144","name":"senda","image":{"@type":"ImageObject","inLanguage":"pt-PT","@id":"https:\/\/secure.gravatar.com\/avatar\/2ad25152d66ab68f233ff1e771f5f5b61808045f5b306f63250027046f2b84c4?s=96&d=mm&r=g","url":"https:\/\/secure.gravatar.com\/avatar\/2ad25152d66ab68f233ff1e771f5f5b61808045f5b306f63250027046f2b84c4?s=96&d=mm&r=g","contentUrl":"https:\/\/secure.gravatar.com\/avatar\/2ad25152d66ab68f233ff1e771f5f5b61808045f5b306f63250027046f2b84c4?s=96&d=mm&r=g","caption":"senda"},"sameAs":["http:\/\/localhost:8888\/fairtade"]}]}},"_links":{"self":[{"href":"https:\/\/www.fairtrade.es\/pt\/wp-json\/wp\/v2\/posts\/747","targetHints":{"allow":["GET"]}}],"collection":[{"href":"https:\/\/www.fairtrade.es\/pt\/wp-json\/wp\/v2\/posts"}],"about":[{"href":"https:\/\/www.fairtrade.es\/pt\/wp-json\/wp\/v2\/types\/post"}],"author":[{"embeddable":true,"href":"https:\/\/www.fairtrade.es\/pt\/wp-json\/wp\/v2\/users\/1"}],"replies":[{"embeddable":true,"href":"https:\/\/www.fairtrade.es\/pt\/wp-json\/wp\/v2\/comments?post=747"}],"version-history":[{"count":1,"href":"https:\/\/www.fairtrade.es\/pt\/wp-json\/wp\/v2\/posts\/747\/revisions"}],"predecessor-version":[{"id":4881,"href":"https:\/\/www.fairtrade.es\/pt\/wp-json\/wp\/v2\/posts\/747\/revisions\/4881"}],"wp:featuredmedia":[{"embeddable":true,"href":"https:\/\/www.fairtrade.es\/pt\/wp-json\/wp\/v2\/media\/749"}],"wp:attachment":[{"href":"https:\/\/www.fairtrade.es\/pt\/wp-json\/wp\/v2\/media?parent=747"}],"wp:term":[{"taxonomy":"category","embeddable":true,"href":"https:\/\/www.fairtrade.es\/pt\/wp-json\/wp\/v2\/categories?post=747"},{"taxonomy":"post_tag","embeddable":true,"href":"https:\/\/www.fairtrade.es\/pt\/wp-json\/wp\/v2\/tags?post=747"}],"curies":[{"name":"wp","href":"https:\/\/api.w.org\/{rel}","templated":true}]}}