{"id":756,"date":"2021-10-07T07:19:00","date_gmt":"2021-10-07T07:19:00","guid":{"rendered":"https:\/\/www.fairtrade.es\/el-programa-de-cacao-de-comercio-justo-fairtrade-da-buenos-resultados-en-africa-occidental\/"},"modified":"2023-12-27T15:52:02","modified_gmt":"2023-12-27T13:52:02","slug":"el-programa-de-cacao-de-comercio-justo-fairtrade-da-buenos-resultados-en-africa-occidental","status":"publish","type":"post","link":"https:\/\/www.fairtrade.es\/pt\/fairtrade-cocoa-programme-da-bom-sucesso-na-africa-ocidental\/","title":{"rendered":"Programa de cacau Comercio Justo Fairtrade \u00e9 bem-sucedido na \u00c1frica Ocidental"},"content":{"rendered":"<div style=\"text-align: justify;\">\n<p><em><strong>Uma avalia\u00e7\u00e3o dos resultados do Programa de Cacau da \u00c1frica Ocidental Comercio Justo Fairtrade encontrou cooperativas mais fortes entre os agricultores participantes. Organiza\u00e7\u00f5es de produtores de cacau de pequena escala na Costa do Marfim e Gana s\u00e3o mais resilientes como empresas e mais sintonizadas com as necessidades de seus membros como resultado do Programa de Cacau da \u00c1frica Ocidental Fairtrade (WACP), de acordo com um novo relat\u00f3rio divulgado recentemente.<\/strong><\/em><\/p>\n<p><img decoding=\"async\" style=\"width: 450px; height: 300px;\" src=\"http:\/\/www.fairtrade.es\/wp-content\/uploads\/2022\/03\/12681lpr-2.jpg\" alt=\"\" \/><\/p>\n<\/div>\n<div>\n<p>continue lendo <a href=\"https:\/\/www.fairtrade.es\/pt\/news\/es\/2021\/10\/07\/0001\/fairtrade-cocoa-programme-da-bom-sucesso-na-africa-ocidental\/\">Programa de cacau Comercio Justo Fairtrade \u00e9 bem-sucedido na \u00c1frica Ocidental<\/a><\/p>\n<\/div>\n<div>\n<div style=\"text-align: justify;\">\n<p><a href=\"https:\/\/www.fairtrade.net\/library\/west-africa-cocoa-programme-evaluation-2021\" target=\"_blank\" rel=\"noopener\">De acordo com a Avalia\u00e7\u00e3o do Programa de Cacau da \u00c1frica Ocidental,<\/a> Encomendado pela Fairtrade International e Fairtrade Africa e conduzido pela Afriqinsights, uma empresa pan-africana de consultoria e pesquisa de mercado prim\u00e1rio, h\u00e1 evid\u00eancias claras de que o programa trouxe benef\u00edcios tang\u00edveis aos pequenos produtores de cacau. produtores por meio de melhorias em suas organiza\u00e7\u00f5es, incluindo melhor governan\u00e7a organizacional, gest\u00e3o financeira mais forte, planejamento estrat\u00e9gico e envolvimento mais ativo dos membros.<\/p>\n<p><em>\u201cEstamos satisfeitos com os resultados da avalia\u00e7\u00e3o, especialmente demonstrando os v\u00ednculos entre organiza\u00e7\u00f5es melhor gerenciadas, membros produtores mais informados e engajados e que essas cooperativas se sentiram empoderadas como empresas e que seus membros produtores foram capacitados\u201d<\/em>disse Jon Walker, consultor s\u00eanior da Fairtrade International em Cacau.<\/p>\n<p>A Fairtrade lan\u00e7ou o Programa do Cacau da \u00c1frica Ocidental em 2016, com o objetivo de criar organiza\u00e7\u00f5es de produtores fortes e vi\u00e1veis que respondam \u00e0s necessidades de seus membros e parceiros comerciais. O programa oferece treinamento, orienta\u00e7\u00e3o e suporte consultivo para as mais de 230 cooperativas de cacau certificadas Fairtrade e seus membros produtores. Como parte do programa, um subconjunto de cerca de 30 cooperativas recebe um conjunto intensivo de servi\u00e7os destinados a profissionaliz\u00e1-las ainda mais como neg\u00f3cios e aumentar a resili\u00eancia.<\/p>\n<p>A Fairtrade e suas organiza\u00e7\u00f5es afiliadas ao redor do mundo h\u00e1 muito sustentam que organiza\u00e7\u00f5es de produtores bem geridas e geridas democraticamente est\u00e3o em melhor posi\u00e7\u00e3o para construir relacionamentos de longo prazo com parceiros comerciais, levando a um acesso sustentado aos mercados Fairtrade. , aumento da renda familiar para produtores e progresso geral em dire\u00e7\u00e3o \u00e0 renda vital.<\/p>\n<p>Al\u00e9m disso, organiza\u00e7\u00f5es mais fortes tendem a ser mais capazes de investir em infraestrutura ou pr\u00e1ticas agr\u00edcolas inteligentes em rela\u00e7\u00e3o ao clima e podem apoiar os agricultores a melhorar a qualidade do cacau, entre outras coisas.<\/p>\n<p><em>\u201cConcordamos com as recomenda\u00e7\u00f5es da avalia\u00e7\u00e3o do WACP de que mais marcas de consumo e varejistas devem participar da implementa\u00e7\u00e3o volunt\u00e1ria da estrat\u00e9gia de renda vital\u00edcia Fairtrade, que inclui o aumento da produtividade aliado \u00e0 efici\u00eancia agr\u00edcola, contratos de longo prazo e o pagamento de um pre\u00e7o para os produtores\u201d,<\/em> Walker continuou, acrescentando que algumas marcas l\u00edderes j\u00e1 estavam implementando aspectos dessa estrat\u00e9gia.<\/p>\n<p>Por sua vez, a avalia\u00e7\u00e3o do WACP produziu resultados iniciais positivos que apontam para o sucesso do programa e os efeitos ben\u00e9ficos que teve nas organiza\u00e7\u00f5es participantes. Por exemplo, as cooperativas relataram melhorias na sa\u00fade financeira, como ter sistemas internos de gest\u00e3o e maior capacidade financeira e cont\u00e1bil, o que melhorou o acesso aos servi\u00e7os banc\u00e1rios. O treinamento em boas pr\u00e1ticas agr\u00edcolas tamb\u00e9m resultou em maiores rendimentos e melhor qualidade, o que aumenta a renda.<\/p>\n<p><em>\u201cCooperativas democr\u00e1ticas e bem administradas s\u00e3o a melhor maneira de garantir que os produtores tenham uma voz coletiva forte no com\u00e9rcio e tamb\u00e9m que tenham conhecimento e recursos para abordar quest\u00f5es de direitos humanos em suas comunidades\u201d<\/em>disse Anne-Marie Yao, Gerente Regional de Cacau da \u00c1frica Ocidental para a Fairtrade \u00c1frica.<\/p>\n<\/div>\n<p><em>\u201cO Programa do Cacau da \u00c1frica Ocidental promove a compreens\u00e3o dos agricultores sobre os direitos das crian\u00e7as e a igualdade das mulheres, ao mesmo tempo em que apoia a implementa\u00e7\u00e3o de esfor\u00e7os cr\u00edticos, como pol\u00edticas de g\u00eanero e sistemas de monitoramento e remedia\u00e7\u00e3o do trabalho infantil que t\u00eam efeitos positivos em suas comunidades.<\/em><\/p>\n<p>O relat\u00f3rio WACP vem apenas alguns meses depois <a href=\"https:\/\/www.fairtrade.es\/pt\/news\/es_es\/2021\/07\/07\/0002\/nova-pesquisa-mostra-certificacao-de-comercio-justo-melhora-os-padroes-de-vida-para-agricultores-de-cacau\/\" target=\"_blank\" rel=\"noopener\">Um novo estudo da renda familiar dos produtores de cacau Comercio Justo na Costa do Marfim revelar\u00e1 aumento de renda e menor incid\u00eancia de pobreza extrema. <\/a>O estudo de compara\u00e7\u00e3o, realizado em nome do Fairtrade pelo Impact Institute e entrevistando 384 agricultores de 16 cooperativas de cacau certificadas pelo Fairtrade, descobriu que a renda familiar aumentou 85% em compara\u00e7\u00e3o com um estudo das mesmas cooperativas quatro anos antes.<\/p>\n<p><a href=\"https:\/\/www.fairtrade.net\/library\/west-africa-cocoa-programme-evaluation-2021\" target=\"_blank\" rel=\"noopener\">A avalia\u00e7\u00e3o do Programa do Cacau da \u00c1frica Ocidental est\u00e1 dispon\u00edvel em ingl\u00eas e franc\u00eas, juntamente com um resumo e resposta do Fairtrade.<\/a><\/p>\n<\/div>","protected":false},"excerpt":{"rendered":"<p>Uma avalia\u00e7\u00e3o dos resultados do Programa de Cacau da \u00c1frica Ocidental Comercio Justo Fairtrade encontrou cooperativas mais fortes entre os agricultores participantes. Organiza\u00e7\u00f5es de produtores de cacau de pequena escala na Costa do Marfim e Gana s\u00e3o mais resilientes como empresas e mais sintonizadas com as necessidades de seus membros [\u2026]<\/p>","protected":false},"author":1,"featured_media":758,"comment_status":"open","ping_status":"open","sticky":false,"template":"","format":"standard","meta":{"_acf_changed":false,"_ef_editorial_meta_date_first-draft-date":"","_ef_editorial_meta_paragraph_assignment":"","_ef_editorial_meta_checkbox_needs-photo":"","_ef_editorial_meta_number_word-count":"","footnotes":""},"categories":[162,150,155,149,161,1],"tags":[],"class_list":["post-756","post","type-post","status-publish","format-standard","has-post-thumbnail","hentry","category-cacao","category-derechos-de-los-trabajadores","category-igualdad-de-genero","category-infancia","category-productos","category-uncategorized"],"acf":[],"yoast_head":"<!-- This site is optimized with the Yoast SEO plugin v27.5 - https:\/\/yoast.com\/product\/yoast-seo-wordpress\/ -->\n<title>El programa de cacao de Comercio Justo Fairtrade da buenos resultados en \u00c1frica Occidental | Fairtrade<\/title>\n<meta name=\"description\" content=\"El programa de cacao de Comercio Justo Fairtrade da buenos resultados en \u00c1frica Occidental\" \/>\n<meta name=\"robots\" content=\"index, follow, max-snippet:-1, max-image-preview:large, max-video-preview:-1\" \/>\n<link rel=\"canonical\" href=\"https:\/\/www.fairtrade.es\/pt\/fairtrade-cocoa-programme-da-bom-sucesso-na-africa-ocidental\/\" \/>\n<meta property=\"og:locale\" content=\"pt_PT\" \/>\n<meta property=\"og:type\" content=\"article\" \/>\n<meta property=\"og:title\" content=\"El programa de cacao de Comercio Justo Fairtrade da buenos resultados en \u00c1frica Occidental | Fairtrade\" \/>\n<meta property=\"og:description\" content=\"El programa de cacao de Comercio Justo Fairtrade da buenos resultados en \u00c1frica Occidental\" \/>\n<meta property=\"og:url\" content=\"https:\/\/www.fairtrade.es\/pt\/fairtrade-cocoa-programme-da-bom-sucesso-na-africa-ocidental\/\" \/>\n<meta property=\"og:site_name\" content=\"Fairtrade\" \/>\n<meta property=\"article:publisher\" content=\"https:\/\/www.facebook.com\/fairtradeiberica\" \/>\n<meta property=\"article:published_time\" content=\"2021-10-07T07:19:00+00:00\" \/>\n<meta property=\"article:modified_time\" content=\"2023-12-27T13:52:02+00:00\" \/>\n<meta property=\"og:image\" content=\"https:\/\/www.fairtrade.es\/wp-content\/uploads\/2022\/03\/12681lpr-3.jpg\" \/>\n\t<meta property=\"og:image:width\" content=\"450\" \/>\n\t<meta property=\"og:image:height\" content=\"300\" \/>\n\t<meta property=\"og:image:type\" content=\"image\/jpeg\" \/>\n<meta name=\"author\" content=\"senda\" \/>\n<meta name=\"twitter:card\" content=\"summary_large_image\" \/>\n<meta name=\"twitter:creator\" content=\"@fairtradeES\" \/>\n<meta name=\"twitter:site\" content=\"@fairtradeES\" \/>\n<meta name=\"twitter:label1\" content=\"Escrito por\" \/>\n\t<meta name=\"twitter:data1\" content=\"senda\" \/>\n\t<meta name=\"twitter:label2\" content=\"Tempo estimado de leitura\" \/>\n\t<meta name=\"twitter:data2\" content=\"4 minutos\" \/>\n<script type=\"application\/ld+json\" class=\"yoast-schema-graph\">{\"@context\":\"https:\\\/\\\/schema.org\",\"@graph\":[{\"@type\":\"Article\",\"@id\":\"https:\\\/\\\/www.fairtrade.es\\\/el-programa-de-cacao-de-comercio-justo-fairtrade-da-buenos-resultados-en-africa-occidental\\\/#article\",\"isPartOf\":{\"@id\":\"https:\\\/\\\/www.fairtrade.es\\\/el-programa-de-cacao-de-comercio-justo-fairtrade-da-buenos-resultados-en-africa-occidental\\\/\"},\"author\":{\"name\":\"senda\",\"@id\":\"https:\\\/\\\/www.fairtrade.es\\\/#\\\/schema\\\/person\\\/2a8f05ec3db305005bb877b1b1fbb144\"},\"headline\":\"El programa de cacao de Comercio Justo Fairtrade da buenos resultados en \u00c1frica Occidental\",\"datePublished\":\"2021-10-07T07:19:00+00:00\",\"dateModified\":\"2023-12-27T13:52:02+00:00\",\"mainEntityOfPage\":{\"@id\":\"https:\\\/\\\/www.fairtrade.es\\\/el-programa-de-cacao-de-comercio-justo-fairtrade-da-buenos-resultados-en-africa-occidental\\\/\"},\"wordCount\":855,\"commentCount\":0,\"publisher\":{\"@id\":\"https:\\\/\\\/www.fairtrade.es\\\/#organization\"},\"image\":{\"@id\":\"https:\\\/\\\/www.fairtrade.es\\\/el-programa-de-cacao-de-comercio-justo-fairtrade-da-buenos-resultados-en-africa-occidental\\\/#primaryimage\"},\"thumbnailUrl\":\"https:\\\/\\\/www.fairtrade.es\\\/wp-content\\\/uploads\\\/2022\\\/03\\\/12681lpr-3.jpg\",\"articleSection\":[\"Cacao\",\"Derechos de los trabajadores\",\"Igualdad de G\u00e9nero\",\"Infancia\",\"Productos\",\"Uncategorized\"],\"inLanguage\":\"pt-PT\",\"potentialAction\":[{\"@type\":\"CommentAction\",\"name\":\"Comment\",\"target\":[\"https:\\\/\\\/www.fairtrade.es\\\/el-programa-de-cacao-de-comercio-justo-fairtrade-da-buenos-resultados-en-africa-occidental\\\/#respond\"]}]},{\"@type\":\"WebPage\",\"@id\":\"https:\\\/\\\/www.fairtrade.es\\\/el-programa-de-cacao-de-comercio-justo-fairtrade-da-buenos-resultados-en-africa-occidental\\\/\",\"url\":\"https:\\\/\\\/www.fairtrade.es\\\/el-programa-de-cacao-de-comercio-justo-fairtrade-da-buenos-resultados-en-africa-occidental\\\/\",\"name\":\"El programa de cacao de Comercio Justo Fairtrade da buenos resultados en \u00c1frica Occidental | Fairtrade\",\"isPartOf\":{\"@id\":\"https:\\\/\\\/www.fairtrade.es\\\/#website\"},\"primaryImageOfPage\":{\"@id\":\"https:\\\/\\\/www.fairtrade.es\\\/el-programa-de-cacao-de-comercio-justo-fairtrade-da-buenos-resultados-en-africa-occidental\\\/#primaryimage\"},\"image\":{\"@id\":\"https:\\\/\\\/www.fairtrade.es\\\/el-programa-de-cacao-de-comercio-justo-fairtrade-da-buenos-resultados-en-africa-occidental\\\/#primaryimage\"},\"thumbnailUrl\":\"https:\\\/\\\/www.fairtrade.es\\\/wp-content\\\/uploads\\\/2022\\\/03\\\/12681lpr-3.jpg\",\"datePublished\":\"2021-10-07T07:19:00+00:00\",\"dateModified\":\"2023-12-27T13:52:02+00:00\",\"description\":\"El programa de cacao de Comercio Justo Fairtrade da buenos resultados en \u00c1frica Occidental\",\"breadcrumb\":{\"@id\":\"https:\\\/\\\/www.fairtrade.es\\\/el-programa-de-cacao-de-comercio-justo-fairtrade-da-buenos-resultados-en-africa-occidental\\\/#breadcrumb\"},\"inLanguage\":\"pt-PT\",\"potentialAction\":[{\"@type\":\"ReadAction\",\"target\":[\"https:\\\/\\\/www.fairtrade.es\\\/el-programa-de-cacao-de-comercio-justo-fairtrade-da-buenos-resultados-en-africa-occidental\\\/\"]}]},{\"@type\":\"ImageObject\",\"inLanguage\":\"pt-PT\",\"@id\":\"https:\\\/\\\/www.fairtrade.es\\\/el-programa-de-cacao-de-comercio-justo-fairtrade-da-buenos-resultados-en-africa-occidental\\\/#primaryimage\",\"url\":\"https:\\\/\\\/www.fairtrade.es\\\/wp-content\\\/uploads\\\/2022\\\/03\\\/12681lpr-3.jpg\",\"contentUrl\":\"https:\\\/\\\/www.fairtrade.es\\\/wp-content\\\/uploads\\\/2022\\\/03\\\/12681lpr-3.jpg\",\"width\":450,\"height\":300},{\"@type\":\"BreadcrumbList\",\"@id\":\"https:\\\/\\\/www.fairtrade.es\\\/el-programa-de-cacao-de-comercio-justo-fairtrade-da-buenos-resultados-en-africa-occidental\\\/#breadcrumb\",\"itemListElement\":[{\"@type\":\"ListItem\",\"position\":1,\"name\":\"Portada\",\"item\":\"https:\\\/\\\/www.fairtrade.es\\\/\"},{\"@type\":\"ListItem\",\"position\":2,\"name\":\"El programa de cacao de Comercio Justo Fairtrade da buenos resultados en \u00c1frica Occidental\"}]},{\"@type\":\"WebSite\",\"@id\":\"https:\\\/\\\/www.fairtrade.es\\\/#website\",\"url\":\"https:\\\/\\\/www.fairtrade.es\\\/\",\"name\":\"Fairtrade\",\"description\":\"Sello l\u00edder de comercio justo\",\"publisher\":{\"@id\":\"https:\\\/\\\/www.fairtrade.es\\\/#organization\"},\"potentialAction\":[{\"@type\":\"SearchAction\",\"target\":{\"@type\":\"EntryPoint\",\"urlTemplate\":\"https:\\\/\\\/www.fairtrade.es\\\/?s={search_term_string}\"},\"query-input\":{\"@type\":\"PropertyValueSpecification\",\"valueRequired\":true,\"valueName\":\"search_term_string\"}}],\"inLanguage\":\"pt-PT\"},{\"@type\":\"Organization\",\"@id\":\"https:\\\/\\\/www.fairtrade.es\\\/#organization\",\"name\":\"Fairtrade Ib\u00e9rica\",\"url\":\"https:\\\/\\\/www.fairtrade.es\\\/\",\"logo\":{\"@type\":\"ImageObject\",\"inLanguage\":\"pt-PT\",\"@id\":\"https:\\\/\\\/www.fairtrade.es\\\/#\\\/schema\\\/logo\\\/image\\\/\",\"url\":\"https:\\\/\\\/www.fairtrade.es\\\/wp-content\\\/uploads\\\/2022\\\/03\\\/Fairtrade-iberica-logo.png\",\"contentUrl\":\"https:\\\/\\\/www.fairtrade.es\\\/wp-content\\\/uploads\\\/2022\\\/03\\\/Fairtrade-iberica-logo.png\",\"width\":340,\"height\":407,\"caption\":\"Fairtrade Ib\u00e9rica\"},\"image\":{\"@id\":\"https:\\\/\\\/www.fairtrade.es\\\/#\\\/schema\\\/logo\\\/image\\\/\"},\"sameAs\":[\"https:\\\/\\\/www.facebook.com\\\/fairtradeiberica\",\"https:\\\/\\\/x.com\\\/fairtradeES\",\"https:\\\/\\\/www.instagram.com\\\/fairtradeiberica\\\/\",\"https:\\\/\\\/www.linkedin.com\\\/company\\\/fairtrade-iberica\",\"https:\\\/\\\/www.youtube.com\\\/user\\\/sellofairtrade\"]},{\"@type\":\"Person\",\"@id\":\"https:\\\/\\\/www.fairtrade.es\\\/#\\\/schema\\\/person\\\/2a8f05ec3db305005bb877b1b1fbb144\",\"name\":\"senda\",\"image\":{\"@type\":\"ImageObject\",\"inLanguage\":\"pt-PT\",\"@id\":\"https:\\\/\\\/secure.gravatar.com\\\/avatar\\\/2ad25152d66ab68f233ff1e771f5f5b61808045f5b306f63250027046f2b84c4?s=96&d=mm&r=g\",\"url\":\"https:\\\/\\\/secure.gravatar.com\\\/avatar\\\/2ad25152d66ab68f233ff1e771f5f5b61808045f5b306f63250027046f2b84c4?s=96&d=mm&r=g\",\"contentUrl\":\"https:\\\/\\\/secure.gravatar.com\\\/avatar\\\/2ad25152d66ab68f233ff1e771f5f5b61808045f5b306f63250027046f2b84c4?s=96&d=mm&r=g\",\"caption\":\"senda\"},\"sameAs\":[\"http:\\\/\\\/localhost:8888\\\/fairtade\"]}]}<\/script>\n<!-- \/ Yoast SEO plugin. -->","yoast_head_json":{"title":"El programa de cacao de Comercio Justo Fairtrade da buenos resultados en \u00c1frica Occidental | Fairtrade","description":"El programa de cacao de Comercio Justo Fairtrade da buenos resultados en \u00c1frica Occidental","robots":{"index":"index","follow":"follow","max-snippet":"max-snippet:-1","max-image-preview":"max-image-preview:large","max-video-preview":"max-video-preview:-1"},"canonical":"https:\/\/www.fairtrade.es\/pt\/fairtrade-cocoa-programme-da-bom-sucesso-na-africa-ocidental\/","og_locale":"pt_PT","og_type":"article","og_title":"El programa de cacao de Comercio Justo Fairtrade da buenos resultados en \u00c1frica Occidental | Fairtrade","og_description":"El programa de cacao de Comercio Justo Fairtrade da buenos resultados en \u00c1frica Occidental","og_url":"https:\/\/www.fairtrade.es\/pt\/fairtrade-cocoa-programme-da-bom-sucesso-na-africa-ocidental\/","og_site_name":"Fairtrade","article_publisher":"https:\/\/www.facebook.com\/fairtradeiberica","article_published_time":"2021-10-07T07:19:00+00:00","article_modified_time":"2023-12-27T13:52:02+00:00","og_image":[{"width":450,"height":300,"url":"https:\/\/www.fairtrade.es\/wp-content\/uploads\/2022\/03\/12681lpr-3.jpg","type":"image\/jpeg"}],"author":"senda","twitter_card":"summary_large_image","twitter_creator":"@fairtradeES","twitter_site":"@fairtradeES","twitter_misc":{"Escrito por":"senda","Tempo estimado de leitura":"4 minutos"},"schema":{"@context":"https:\/\/schema.org","@graph":[{"@type":"Article","@id":"https:\/\/www.fairtrade.es\/el-programa-de-cacao-de-comercio-justo-fairtrade-da-buenos-resultados-en-africa-occidental\/#article","isPartOf":{"@id":"https:\/\/www.fairtrade.es\/el-programa-de-cacao-de-comercio-justo-fairtrade-da-buenos-resultados-en-africa-occidental\/"},"author":{"name":"senda","@id":"https:\/\/www.fairtrade.es\/#\/schema\/person\/2a8f05ec3db305005bb877b1b1fbb144"},"headline":"El programa de cacao de Comercio Justo Fairtrade da buenos resultados en \u00c1frica Occidental","datePublished":"2021-10-07T07:19:00+00:00","dateModified":"2023-12-27T13:52:02+00:00","mainEntityOfPage":{"@id":"https:\/\/www.fairtrade.es\/el-programa-de-cacao-de-comercio-justo-fairtrade-da-buenos-resultados-en-africa-occidental\/"},"wordCount":855,"commentCount":0,"publisher":{"@id":"https:\/\/www.fairtrade.es\/#organization"},"image":{"@id":"https:\/\/www.fairtrade.es\/el-programa-de-cacao-de-comercio-justo-fairtrade-da-buenos-resultados-en-africa-occidental\/#primaryimage"},"thumbnailUrl":"https:\/\/www.fairtrade.es\/wp-content\/uploads\/2022\/03\/12681lpr-3.jpg","articleSection":["Cacao","Derechos de los trabajadores","Igualdad de G\u00e9nero","Infancia","Productos","Uncategorized"],"inLanguage":"pt-PT","potentialAction":[{"@type":"CommentAction","name":"Comment","target":["https:\/\/www.fairtrade.es\/el-programa-de-cacao-de-comercio-justo-fairtrade-da-buenos-resultados-en-africa-occidental\/#respond"]}]},{"@type":"WebPage","@id":"https:\/\/www.fairtrade.es\/el-programa-de-cacao-de-comercio-justo-fairtrade-da-buenos-resultados-en-africa-occidental\/","url":"https:\/\/www.fairtrade.es\/el-programa-de-cacao-de-comercio-justo-fairtrade-da-buenos-resultados-en-africa-occidental\/","name":"El programa de cacao de Comercio Justo Fairtrade da buenos resultados en \u00c1frica Occidental | Fairtrade","isPartOf":{"@id":"https:\/\/www.fairtrade.es\/#website"},"primaryImageOfPage":{"@id":"https:\/\/www.fairtrade.es\/el-programa-de-cacao-de-comercio-justo-fairtrade-da-buenos-resultados-en-africa-occidental\/#primaryimage"},"image":{"@id":"https:\/\/www.fairtrade.es\/el-programa-de-cacao-de-comercio-justo-fairtrade-da-buenos-resultados-en-africa-occidental\/#primaryimage"},"thumbnailUrl":"https:\/\/www.fairtrade.es\/wp-content\/uploads\/2022\/03\/12681lpr-3.jpg","datePublished":"2021-10-07T07:19:00+00:00","dateModified":"2023-12-27T13:52:02+00:00","description":"El programa de cacao de Comercio Justo Fairtrade da buenos resultados en \u00c1frica Occidental","breadcrumb":{"@id":"https:\/\/www.fairtrade.es\/el-programa-de-cacao-de-comercio-justo-fairtrade-da-buenos-resultados-en-africa-occidental\/#breadcrumb"},"inLanguage":"pt-PT","potentialAction":[{"@type":"ReadAction","target":["https:\/\/www.fairtrade.es\/el-programa-de-cacao-de-comercio-justo-fairtrade-da-buenos-resultados-en-africa-occidental\/"]}]},{"@type":"ImageObject","inLanguage":"pt-PT","@id":"https:\/\/www.fairtrade.es\/el-programa-de-cacao-de-comercio-justo-fairtrade-da-buenos-resultados-en-africa-occidental\/#primaryimage","url":"https:\/\/www.fairtrade.es\/wp-content\/uploads\/2022\/03\/12681lpr-3.jpg","contentUrl":"https:\/\/www.fairtrade.es\/wp-content\/uploads\/2022\/03\/12681lpr-3.jpg","width":450,"height":300},{"@type":"BreadcrumbList","@id":"https:\/\/www.fairtrade.es\/el-programa-de-cacao-de-comercio-justo-fairtrade-da-buenos-resultados-en-africa-occidental\/#breadcrumb","itemListElement":[{"@type":"ListItem","position":1,"name":"Portada","item":"https:\/\/www.fairtrade.es\/"},{"@type":"ListItem","position":2,"name":"El programa de cacao de Comercio Justo Fairtrade da buenos resultados en \u00c1frica Occidental"}]},{"@type":"WebSite","@id":"https:\/\/www.fairtrade.es\/#website","url":"https:\/\/www.fairtrade.es\/","name":"Fairtrade","description":"Sello l\u00edder de comercio justo","publisher":{"@id":"https:\/\/www.fairtrade.es\/#organization"},"potentialAction":[{"@type":"SearchAction","target":{"@type":"EntryPoint","urlTemplate":"https:\/\/www.fairtrade.es\/?s={search_term_string}"},"query-input":{"@type":"PropertyValueSpecification","valueRequired":true,"valueName":"search_term_string"}}],"inLanguage":"pt-PT"},{"@type":"Organization","@id":"https:\/\/www.fairtrade.es\/#organization","name":"Fairtrade Ib\u00e9rica","url":"https:\/\/www.fairtrade.es\/","logo":{"@type":"ImageObject","inLanguage":"pt-PT","@id":"https:\/\/www.fairtrade.es\/#\/schema\/logo\/image\/","url":"https:\/\/www.fairtrade.es\/wp-content\/uploads\/2022\/03\/Fairtrade-iberica-logo.png","contentUrl":"https:\/\/www.fairtrade.es\/wp-content\/uploads\/2022\/03\/Fairtrade-iberica-logo.png","width":340,"height":407,"caption":"Fairtrade Ib\u00e9rica"},"image":{"@id":"https:\/\/www.fairtrade.es\/#\/schema\/logo\/image\/"},"sameAs":["https:\/\/www.facebook.com\/fairtradeiberica","https:\/\/x.com\/fairtradeES","https:\/\/www.instagram.com\/fairtradeiberica\/","https:\/\/www.linkedin.com\/company\/fairtrade-iberica","https:\/\/www.youtube.com\/user\/sellofairtrade"]},{"@type":"Person","@id":"https:\/\/www.fairtrade.es\/#\/schema\/person\/2a8f05ec3db305005bb877b1b1fbb144","name":"senda","image":{"@type":"ImageObject","inLanguage":"pt-PT","@id":"https:\/\/secure.gravatar.com\/avatar\/2ad25152d66ab68f233ff1e771f5f5b61808045f5b306f63250027046f2b84c4?s=96&d=mm&r=g","url":"https:\/\/secure.gravatar.com\/avatar\/2ad25152d66ab68f233ff1e771f5f5b61808045f5b306f63250027046f2b84c4?s=96&d=mm&r=g","contentUrl":"https:\/\/secure.gravatar.com\/avatar\/2ad25152d66ab68f233ff1e771f5f5b61808045f5b306f63250027046f2b84c4?s=96&d=mm&r=g","caption":"senda"},"sameAs":["http:\/\/localhost:8888\/fairtade"]}]}},"_links":{"self":[{"href":"https:\/\/www.fairtrade.es\/pt\/wp-json\/wp\/v2\/posts\/756","targetHints":{"allow":["GET"]}}],"collection":[{"href":"https:\/\/www.fairtrade.es\/pt\/wp-json\/wp\/v2\/posts"}],"about":[{"href":"https:\/\/www.fairtrade.es\/pt\/wp-json\/wp\/v2\/types\/post"}],"author":[{"embeddable":true,"href":"https:\/\/www.fairtrade.es\/pt\/wp-json\/wp\/v2\/users\/1"}],"replies":[{"embeddable":true,"href":"https:\/\/www.fairtrade.es\/pt\/wp-json\/wp\/v2\/comments?post=756"}],"version-history":[{"count":1,"href":"https:\/\/www.fairtrade.es\/pt\/wp-json\/wp\/v2\/posts\/756\/revisions"}],"predecessor-version":[{"id":4887,"href":"https:\/\/www.fairtrade.es\/pt\/wp-json\/wp\/v2\/posts\/756\/revisions\/4887"}],"wp:featuredmedia":[{"embeddable":true,"href":"https:\/\/www.fairtrade.es\/pt\/wp-json\/wp\/v2\/media\/758"}],"wp:attachment":[{"href":"https:\/\/www.fairtrade.es\/pt\/wp-json\/wp\/v2\/media?parent=756"}],"wp:term":[{"taxonomy":"category","embeddable":true,"href":"https:\/\/www.fairtrade.es\/pt\/wp-json\/wp\/v2\/categories?post=756"},{"taxonomy":"post_tag","embeddable":true,"href":"https:\/\/www.fairtrade.es\/pt\/wp-json\/wp\/v2\/tags?post=756"}],"curies":[{"name":"wp","href":"https:\/\/api.w.org\/{rel}","templated":true}]}}